{"id":111196,"date":"2025-11-26T13:50:22","date_gmt":"2025-11-26T13:50:22","guid":{"rendered":"https:\/\/portoalities.com\/melhores-mercados-natal-porto-portugal\/"},"modified":"2025-11-26T15:34:17","modified_gmt":"2025-11-26T15:34:17","slug":"melhores-mercados-natal-porto-portugal","status":"publish","type":"post","link":"https:\/\/portoalities.com\/pt\/melhores-mercados-natal-porto-portugal\/","title":{"rendered":"Os MELHORES mercados de Natal no Porto em 2025"},"content":{"rendered":"\n<p>Nesta altura do ano, qualquer pretexto serve para visitar os mercados de Natal no Porto.<br>Mais do que as compras em si, seduz-me o encontro dos amigos, a partilha dos sorrisos, o encanto da cidade iluminada\u2026 e o Porto, com as suas temperaturas amenas e as suas pra\u00e7as arejadas, convida a que fa\u00e7amos as nossas compras natal\u00edcias nos mercadinhos que pululam em todo o lado, ao inv\u00e9s de nos encafuarmos em centros comerciais que vendem todos as mesmas coisas!<\/p>\n\n\n\n<h2 class=\"wp-block-heading\">Sem tempo para ler um artigo longo? Aqui est\u00e1 um resumo<\/h2>\n\n\n\n<ul class=\"wp-block-list\">\n<li>Existem IMENSOS mercados de Natal no Porto e realizam-se sobretudo nos fins de semana de Dezembro.\n<ul class=\"wp-block-list\">\n<li>Mercados de Natal para os amantes de design: o melhor \u00e9 o da <a href=\"https:\/\/www.getyourguide.com\/serralves-foundation-l5654\/porto-serralves-foundation-all-access-pass-t66545\/?partner_id=H93B56T&amp;utm_medium=online_publisher&amp;cmp=mercados-natal-SUMY\" target=\"_blank\" rel=\"noreferrer noopener sponsored nofollow\">Funda\u00e7\u00e3o de Serralves<\/a>, de 6 a 8 de Dezembro. O Urban Market (este ano em v\u00e1rias localiza\u00e7\u00f5es) tamb\u00e9m \u00e9 \u00f3timo.<br><\/li>\n\n\n\n<li>Melhores mercados tradicionais: Jardim da Cordoaria e Mercado da Alegria.<\/li>\n<\/ul>\n<\/li>\n<\/ul>\n\n\n\n<ul class=\"wp-block-list\">\n<li>N\u00e3o se esque\u00e7a de <a href=\"https:\/\/www.booking.com\/searchresults.en.html?city=-2173088&amp;aid=1186505&amp;no_rooms=1&amp;group_adults=2&amp;label=natal-porto\" target=\"_blank\" rel=\"noreferrer noopener sponsored nofollow\">reservar o seu alojamento<\/a> para a \u00e9poca natal\u00edcia no Porto.<\/li>\n<\/ul>\n\n\n\n<p><\/p>\n\n\n\n<ul class=\"wp-block-list\">\n<li>Melhor evento de Natal no Porto: <a href=\"https:\/\/www.getyourguide.com\/s?partner_id=H93B56T&amp;utm_medium=online_publisher&amp;placement=content-top&amp;cmp=mercados-natal-SUMY\" target=\"_blank\" rel=\"noreferrer noopener sponsored nofollow\">espect\u00e1culo multim\u00e9dia na nossa querida igreja dos Cl\u00e9rigos<\/a>. \u00c9 mesmo, mesmo bonito \ud83d\ude42<\/li>\n<\/ul>\n\n\n\n<h2 class=\"wp-block-heading\">O que precisas de saber sobre os mercados de Natal no Porto<\/h2>\n\n\n\n<figure class=\"wp-block-image size-full\"><img loading=\"lazy\" decoding=\"async\" width=\"668\" height=\"445\" src=\"http:\/\/portoalities.com\/wp-content\/uploads\/2022\/12\/christmas-tree-porto.jpg\" alt=\"christmas tree porto\" class=\"wp-image-132501\" srcset=\"https:\/\/portoalities.com\/wp-content\/uploads\/2022\/12\/christmas-tree-porto.jpg 668w, https:\/\/portoalities.com\/wp-content\/uploads\/2022\/12\/christmas-tree-porto-300x200.jpg 300w\" sizes=\"auto, (max-width: 668px) 100vw, 668px\" \/><figcaption class=\"wp-element-caption\">Avenida dos Aliados<\/figcaption><\/figure>\n\n\n\n<p><strong>N\u00f3s n\u00e3o temos UM mercado de Natal centralizado, mas sim <em>v\u00e1rios<\/em> mercados de Natal no Porto, espalhados por toda a cidade<\/strong>, onde podes encontrar montes de prendas originais, comida, objectos de decora\u00e7\u00e3oe muito mais.<\/p>\n\n\n\n<p><strong>Al\u00e9m disso, n\u00e3o temos neve, nem vinho quente.<\/strong> Mas isso at\u00e9 \u00e9 uma vantagem, porque o vinho quente \u00e9 uma bela m3rd4 \ud83d\ude1b<\/p>\n\n\n\n<p>Por outro lado, <strong>temos um clima bastante agrad\u00e1vel<\/strong>. E, mais importante ainda, a nossa C\u00e2mara Municipal organiza um <strong>programa de Natal de 5 semanas<\/strong> com in\u00fameras atividades como anima\u00e7\u00e3o de rua, concertos e workshops para toda a fam\u00edlia.<br><br>Podes ler o meu <a href=\"https:\/\/portoalities.com\/pt\/guia-completo-natal-porto-portugal\/\" target=\"_blank\" rel=\"noreferrer noopener\">Guia Completo do Natal no Porto<\/a>, onde re\u00fano os melhores eventos.<\/p>\n\n\n\n<h2 class=\"wp-block-heading\">Antes de saber quais os melhores mercados de Natal do Porto&#8230;<\/h2>\n\n\n\n<p>O Natal n\u00e3o fica completo sem sair de casa e aproveitar algumas atividades natal\u00edcias, e a melhor delas \u00e9:<\/p>\n\n\n\n<h3 class=\"wp-block-heading\">Ver o mundo \u00e0s cores na Igreja dos Cl\u00e9rigos!<\/h3>\n\n\n\n<figure class=\"wp-block-image size-full\"><img loading=\"lazy\" decoding=\"async\" width=\"668\" height=\"446\" src=\"http:\/\/portoalities.com\/wp-content\/uploads\/2022\/12\/multimedia-show-clerigos-church-porto.png\" alt=\"multimedia show clerigos church porto\" class=\"wp-image-51744\" srcset=\"https:\/\/portoalities.com\/wp-content\/uploads\/2022\/12\/multimedia-show-clerigos-church-porto.png 668w, https:\/\/portoalities.com\/wp-content\/uploads\/2022\/12\/multimedia-show-clerigos-church-porto-300x200.png 300w\" sizes=\"auto, (max-width: 668px) 100vw, 668px\" \/><\/figure>\n\n\n\n<figure class=\"wp-block-image size-full\"><img loading=\"lazy\" decoding=\"async\" width=\"668\" height=\"445\" src=\"http:\/\/portoalities.com\/wp-content\/uploads\/2022\/12\/christmas-clerigos-church-porto.png\" alt=\"christmas clerigos church porto\" class=\"wp-image-51743\" srcset=\"https:\/\/portoalities.com\/wp-content\/uploads\/2022\/12\/christmas-clerigos-church-porto.png 668w, https:\/\/portoalities.com\/wp-content\/uploads\/2022\/12\/christmas-clerigos-church-porto-300x200.png 300w\" sizes=\"auto, (max-width: 668px) 100vw, 668px\" \/><\/figure>\n\n\n\n<p>N\u00e3o consigo imaginar melhor atividade para fazer no Porto na altura do Natal&nbsp;do que deslumbrar-se com um <a href=\"https:\/\/www.getyourguide.com\/s?partner_id=H93B56T&amp;utm_medium=online_publisher&amp;placement=content-top&amp;cmp=mercados-natal\" target=\"_blank\" rel=\"noreferrer noopener sponsored nofollow\">espet\u00e1culo multim\u00e9dia na nossa amada igreja dos Cl\u00e9rigos<\/a> &#8211; na minha opini\u00e3o, a igreja mais bonita da cidade.<\/p>\n\n\n\n<p>O espet\u00e1culo dura 30 minutos e \u00e9 inspirado num poema de \u00c1lvaro de Campos, pseud\u00f3nimo do mais famoso escritor portugu\u00eas de todos os tempos, Fernando Pessoa.<\/p>\n\n\n\n<p>N\u00e3o vos conto mais para n\u00e3o estragar a surpresa, digo-vos apenas que o efeito das luzes projectadas nas paredes ovais da Igreja dos Cl\u00e9rigos, a m\u00fasica e as cores criam um efeito magn\u00e9tico e inesquec\u00edvel.<\/p>\n\n\n\n<p>Este espet\u00e1culo est\u00e1 dispon\u00edvel apenas at\u00e9 dia 8 de Janeiro e tem lugares muito limitados, por isso recomendo que <a href=\"https:\/\/www.getyourguide.com\/s?partner_id=H93B56T&amp;utm_medium=online_publisher&amp;placement=content-top&amp;cmp=mercados-natal\" target=\"_blank\" rel=\"noreferrer noopener sponsored nofollow\">compre o seu bilhete online<\/a>, se n\u00e3o ficar\u00e1 a ver navios.<\/p>\n\n\n\n<p>E, se estiver bom tempo, aproveite para <a href=\"https:\/\/www.getyourguide.com\/porto-l151\/torre-dos-clerigos-entrance-ticket-t57114\/?partner_id=H93B56T&amp;cmp=mercados-natal\" target=\"_blank\" rel=\"noreferrer noopener sponsored nofollow\">subir \u00e0 Torre dos Cl\u00e9rigos<\/a>, porque a vista \u00e9 FA-BU-LO-SA.<\/p>\n\n\n\n<h2 class=\"wp-block-heading\">Eis os melhores mercados de Natal no Porto em 2025<\/h2>\n\n\n\n<h3 class=\"wp-block-heading\">Mercado de Natal na <a href=\"https:\/\/www.getyourguide.com\/porto-l151\/porto-serralves-museum-park-entrance-ticket-t66545\/?partner_id=H93B56T&amp;cmp=mercados-natal\" target=\"_blank\" rel=\"noreferrer noopener sponsored nofollow\">Funda\u00e7\u00e3o de Serralves<\/a><\/h3>\n\n\n\n<figure class=\"wp-block-image size-full\"><img loading=\"lazy\" decoding=\"async\" width=\"668\" height=\"501\" src=\"http:\/\/portoalities.com\/wp-content\/uploads\/2024\/11\/serralves-christmas-market-porto-1.jpg\" alt=\"serralves christmas market porto\" class=\"wp-image-138772\" srcset=\"https:\/\/portoalities.com\/wp-content\/uploads\/2024\/11\/serralves-christmas-market-porto-1.jpg 668w, https:\/\/portoalities.com\/wp-content\/uploads\/2024\/11\/serralves-christmas-market-porto-1-300x225.jpg 300w\" sizes=\"auto, (max-width: 668px) 100vw, 668px\" \/><\/figure>\n\n\n\n<figure class=\"wp-block-image size-full\"><img loading=\"lazy\" decoding=\"async\" width=\"668\" height=\"445\" src=\"http:\/\/portoalities.com\/wp-content\/uploads\/2019\/12\/mercado-natal-porto-serralves.jpeg\" alt=\"mercado natal porto serralves\" class=\"wp-image-49499\" srcset=\"https:\/\/portoalities.com\/wp-content\/uploads\/2019\/12\/mercado-natal-porto-serralves.jpeg 668w, https:\/\/portoalities.com\/wp-content\/uploads\/2019\/12\/mercado-natal-porto-serralves-300x200.jpeg 300w\" sizes=\"auto, (max-width: 668px) 100vw, 668px\" \/><\/figure>\n\n\n\n<p>J\u00e1 escrevi in\u00fameras vezes sobre a <a href=\"https:\/\/www.getyourguide.com\/porto-l151\/porto-serralves-museum-park-entrance-ticket-t66545\/?partner_id=H93B56T&amp;cmp=mercados-natal\" target=\"_blank\" rel=\"noreferrer noopener sponsored nofollow\">Funda\u00e7\u00e3o de Serralves<\/a>, que consiste num fant\u00e1stico museu contempor\u00e2neo rodeado de jardins rom\u00e2nticos. E os jardins de Serralves v\u00e3o abrir as portas ao Mercado de Natal, que \u00e9 fort\u00edssimo em artesanato urbano.<\/p>\n\n\n\n<p>De 6 a 8 de dezembro, poder\u00e1 comprar produtos gourmet, alimentos biol\u00f3gicos e sazonais, bem como presentes de Natal criativos e sustent\u00e1veis. Haver\u00e1 ainda um bazar de Natal, montado temporariamente no museu, que funcionar\u00e1 durante todo o m\u00eas de Dezembro.<\/p>\n\n\n\n<p>A entrada no mercado de Natal \u00e9 gratuita, mas se fosse a si aproveitava para visitar os <a href=\"https:\/\/www.getyourguide.com\/porto-l151\/porto-serralves-museum-park-entrance-ticket-t66545\/?partner_id=H93B56T&amp;cmp=mercados-natal\" target=\"_blank\" rel=\"noreferrer noopener sponsored nofollow\">belos jardins e o museu contempor\u00e2neo<\/a>, que s\u00e3o magn\u00edficos (sim, mesmo no inverno).<\/p>\n\n\n\n<p><meta charset=\"utf-8\"><strong>Morada: Rua Dom Jo\u00e3o de Castro, 210<\/strong><\/p>\n\n\n\n<p><strong>Datas e hor\u00e1rios: 6 a 8 de Dezembro de 2025<\/strong><\/p>\n\n\n\n<ul class=\"wp-block-list\">\n<li>6 de dezembro: das 10h \u00e0s 22h<\/li>\n\n\n\n<li>7 e 8 de dezembro: das 10h \u00e0s 19h<\/li>\n<\/ul>\n\n\n\n<p><em>Como chegar l\u00e1: os autocarros 203 e 207 param mesmo em frente a Serralves.<\/em><\/p>\n\n\n\n<h3 class=\"wp-block-heading\">Mercado de Natal no Jardim da Cordoaria<\/h3>\n\n\n\n<figure class=\"wp-block-image size-full\"><img loading=\"lazy\" decoding=\"async\" width=\"668\" height=\"715\" src=\"http:\/\/portoalities.com\/wp-content\/uploads\/2023\/11\/mercado-natal-jardim-cordoaria.jpg\" alt=\"mercado natal jardim cordoaria\" class=\"wp-image-132859\" srcset=\"https:\/\/portoalities.com\/wp-content\/uploads\/2023\/11\/mercado-natal-jardim-cordoaria.jpg 668w, https:\/\/portoalities.com\/wp-content\/uploads\/2023\/11\/mercado-natal-jardim-cordoaria-280x300.jpg 280w\" sizes=\"auto, (max-width: 668px) 100vw, 668px\" \/><\/figure>\n\n\n\n<p>Todos os anos h\u00e1 um mercado de Natal no Jardim da Cordoaria, que \u00e9 lindamente decorado com 14 \u00e1rvores de Natal pintadas por talentosos artistas urbanos, transformando o jardim num aut\u00eantico <em>winter wonderland<\/em>! \ud83c\udf84<\/p>\n\n\n\n<p>Neste mercado de Natal no Porto pode comprar uma variedade de produtos regionais, incluindo artesanato, j\u00f3ias, brinquedos feitos \u00e0 m\u00e3o, vestu\u00e1rio e produtos alimentares.<\/p>\n\n\n\n<p>Para al\u00e9m disso, haver\u00e1 uma Casa do Pai Natal aberta aos s\u00e1bados, domingos e feriados das 16h \u00e0s 18h, um encantador Carrossel Parisiense e uma pista de gelo natural (localizada mesmo ao lado do Jardim da Cordoaria, no Largo do Amor de Perdi\u00e7\u00e3o).<\/p>\n\n\n\n<p>Haver\u00e1 tamb\u00e9m espet\u00e1culos musicais e teatros quer no coreto do Jardim da Cordoaria quer no Largo do Amor de Perdi\u00e7\u00e3o. Guarde as datas e n\u00e3o deixe de aproveitar o ambiente festivo \ud83d\ude0a<\/p>\n\n\n\n<p><strong>Morada: Jardim da Cordoaria<\/strong><\/p>\n\n\n\n<p><strong>Datas: 30 de Novembro a 23 de Dezembro de 2025<\/strong><\/p>\n\n\n\n<ul class=\"wp-block-list\">\n<li>Segunda a Quinta: 11h \u00e0s 20h<\/li>\n\n\n\n<li>Sextas-feiras e v\u00e9speras de feriados nacionais: 11h \u00e0s 21h<\/li>\n\n\n\n<li>S\u00e1bados: 10h \u00e0s 21h<\/li>\n\n\n\n<li>Domingos: 10h \u00e0s 20h<\/li>\n<\/ul>\n\n\n\n<h3 class=\"wp-block-heading\">Urban Market Porto &#8211; Edi\u00e7\u00f5es de Natal<\/h3>\n\n\n\n<figure class=\"wp-block-image size-full\"><img loading=\"lazy\" decoding=\"async\" width=\"668\" height=\"455\" src=\"http:\/\/portoalities.com\/wp-content\/uploads\/2021\/11\/urban-market-porto-hard-club.jpeg\" alt=\"urban market porto hard club\" class=\"wp-image-51587\" srcset=\"https:\/\/portoalities.com\/wp-content\/uploads\/2021\/11\/urban-market-porto-hard-club.jpeg 668w, https:\/\/portoalities.com\/wp-content\/uploads\/2021\/11\/urban-market-porto-hard-club-300x204.jpeg 300w\" sizes=\"auto, (max-width: 668px) 100vw, 668px\" \/><\/figure>\n\n\n\n<p>O Urban Market Porto \u00e9, provavelmente, o meu mercado favorito em termos de variedade de produtos dispon\u00edveis. N\u00e3o \u00e9 o mais natal\u00edcio, nem aquele onde se encontram produtos tradicionais ou sequer uma grande variedade de comida, mas \u00e9 o que tem os artes\u00e3os mais originais, modernos e inovadores.<\/p>\n\n\n\n<p>Haver\u00e1 vendedores de joias, ilustra\u00e7\u00f5es, pinturas, moda e produtos de bem-estar. Haver\u00e1 ainda op\u00e7\u00f5es gastron\u00f3micas, com cabazes de Natal para alimentar os amigos e a fam\u00edlia \ud83d\ude42<\/p>\n\n\n\n<p>Em 2025, haver\u00e1 n\u00e3o uma, mas duas edi\u00e7\u00f5es de Natal. Anote os detalhes:<\/p>\n\n\n\n<p><strong>Datas e hor\u00e1rios: <\/strong><\/p>\n\n\n\n<ul class=\"wp-block-list\">\n<li>26 de Novembro a 10 de Dezembro: na Pra\u00e7a das Cardosas, das 10h00 \u00e0s 19h00.<\/li>\n\n\n\n<li>29 de Novembro a 5 de Janeiro: no ic\u00f3nico Mercado do Bolh\u00e3o, das 9h30 \u00e0s 20h00.<\/li>\n<\/ul>\n\n\n\n<h3 class=\"wp-block-heading\">Mercado da Alegria<\/h3>\n\n\n\n<figure class=\"wp-block-image size-full\"><img loading=\"lazy\" decoding=\"async\" width=\"668\" height=\"639\" src=\"http:\/\/portoalities.com\/wp-content\/uploads\/2024\/11\/mercado-alegria-porto-christmas-market-1-1.jpg\" alt=\"mercado alegria porto christmas market\" class=\"wp-image-138782\" srcset=\"https:\/\/portoalities.com\/wp-content\/uploads\/2024\/11\/mercado-alegria-porto-christmas-market-1-1.jpg 668w, https:\/\/portoalities.com\/wp-content\/uploads\/2024\/11\/mercado-alegria-porto-christmas-market-1-1-300x287.jpg 300w\" sizes=\"auto, (max-width: 668px) 100vw, 668px\" \/><\/figure>\n\n\n\n<figure class=\"wp-block-image size-full\"><img loading=\"lazy\" decoding=\"async\" width=\"668\" height=\"459\" src=\"http:\/\/portoalities.com\/wp-content\/uploads\/2019\/12\/mercado-natal-porto-praca-batalha.jpeg\" alt=\"mercado natal porto praca batalha\" class=\"wp-image-125247\" srcset=\"https:\/\/portoalities.com\/wp-content\/uploads\/2019\/12\/mercado-natal-porto-praca-batalha.jpeg 668w, https:\/\/portoalities.com\/wp-content\/uploads\/2019\/12\/mercado-natal-porto-praca-batalha-300x206.jpeg 300w\" sizes=\"auto, (max-width: 668px) 100vw, 668px\" \/><figcaption class=\"wp-element-caption\">\u00a9 Filipa Brito<\/figcaption><\/figure>\n\n\n\n<p>O Mercado de Natal na Pra\u00e7a da Batalha, com 23 expositores e uma casa do Pai Natal mesmo no centro, exibe acolhedoras casas de madeira com todo o tipo de artesanato local como j\u00f3ias, roupas, brinquedos, artesanato, pres\u00e9pios e deliciosos doces regionais \ud83d\ude42 \u00c9 um \u00f3timo mercado para <a href=\"https:\/\/portoalities.com\/pt\/atividades-porto-familias-com-criancas\/\" target=\"_blank\" rel=\"noreferrer noopener\">levar os mais pequenos<\/a>.<\/p>\n\n\n\n<p><strong>Morada: Pra\u00e7a da Batalha<\/strong><\/p>\n\n\n\n<p><strong>Datas: 28 de Novembro a 28 de Dezembro de 2025<\/strong><\/p>\n\n\n\n<ul class=\"wp-block-list\">\n<li>Domingo a quinta-feira: 10h \u00e0s 20h<\/li>\n\n\n\n<li>Sextas e s\u00e1bados: 10h \u00e0s 21h<\/li>\n<\/ul>\n\n\n\n<h3 class=\"wp-block-heading\"><em>Artes &amp; Of\u00edcios do Porto<\/em> \u2013 Mercado de Natal<\/h3>\n\n\n\n<figure class=\"wp-block-image size-full\"><img loading=\"lazy\" decoding=\"async\" width=\"496\" height=\"668\" src=\"http:\/\/portoalities.com\/wp-content\/uploads\/2024\/11\/artes-oficios-christmas-markets-porto-1.jpg\" alt=\"artes oficios christmas markets porto\" class=\"wp-image-138905\" srcset=\"https:\/\/portoalities.com\/wp-content\/uploads\/2024\/11\/artes-oficios-christmas-markets-porto-1.jpg 496w, https:\/\/portoalities.com\/wp-content\/uploads\/2024\/11\/artes-oficios-christmas-markets-porto-1-223x300.jpg 223w\" sizes=\"auto, (max-width: 496px) 100vw, 496px\" \/><\/figure>\n\n\n\n<figure class=\"wp-block-image size-full\"><img loading=\"lazy\" decoding=\"async\" width=\"668\" height=\"446\" src=\"http:\/\/portoalities.com\/wp-content\/uploads\/2023\/11\/artes-oficios-porto-mercado-natal.jpg\" alt=\"artes oficios porto mercado natal\" class=\"wp-image-132865\" srcset=\"https:\/\/portoalities.com\/wp-content\/uploads\/2023\/11\/artes-oficios-porto-mercado-natal.jpg 668w, https:\/\/portoalities.com\/wp-content\/uploads\/2023\/11\/artes-oficios-porto-mercado-natal-300x200.jpg 300w\" sizes=\"auto, (max-width: 668px) 100vw, 668px\" \/><\/figure>\n\n\n\n<p>O famoso Mercado de Natal do Porto Artes &amp; Of\u00edcios decorre de 29 de Novembro a 29 de Dezembro de 2024 na Avenida D. Afonso Henriques, junto \u00e0 esta\u00e7\u00e3o de S\u00e3o Bento e \u00e0 catedral do Porto.<\/p>\n\n\n\n<p>Este evento, que re\u00fane cerca de 20 expositores em pitorescas casas de madeira, destaca-se pela forte aposta no artesanato nacional: cer\u00e2mica, madeira, couro, corti\u00e7a, cutelaria, t\u00eaxteis, macram\u00e9, brinquedos, acess\u00f3rios pessoais, bijuteria, pres\u00e9pios e iguarias tradicionais, e muito mais! \ud83d\ude42<\/p>\n\n\n\n<p>O melhor deste mercado \u00e9 que \u00e9 o \u00daNICO mercado de Natal do Porto que estar\u00e1 aberto na v\u00e9spera de Natal (24 de dezembro, at\u00e9 \u00e0s 15h30), sendo perfeito para fazer compras de presentes de Natal de \u00faltima hora.<\/p>\n\n\n\n<p><strong>Morada: Avenida D. Afonso Henriques<\/strong><\/p>\n\n\n\n<p><strong>Datas e hor\u00e1rios: <\/strong>De 28 de Novembro a 24 de Dezembro de 2025, das 11h \u00e0s 20h. Na v\u00e9spera de Natal (24 de Dezembro), encerra \u00e0s 15h30 e no dia de Natal (25 de Dezembro) estar\u00e1 encerrado.<\/p>\n\n\n\n<h3 class=\"wp-block-heading\">Feira de Natal Solid\u00e1ria &#8211; Escola de Moda do Porto<\/h3>\n\n\n\n<figure class=\"wp-block-image size-full\"><img loading=\"lazy\" decoding=\"async\" width=\"668\" height=\"891\" src=\"http:\/\/portoalities.com\/wp-content\/uploads\/2024\/11\/escola-moda-porto-christmas-market-1.jpg\" alt=\"escola moda porto christmas market\" class=\"wp-image-138922\" srcset=\"https:\/\/portoalities.com\/wp-content\/uploads\/2024\/11\/escola-moda-porto-christmas-market-1.jpg 668w, https:\/\/portoalities.com\/wp-content\/uploads\/2024\/11\/escola-moda-porto-christmas-market-1-225x300.jpg 225w\" sizes=\"auto, (max-width: 668px) 100vw, 668px\" \/><\/figure>\n\n\n\n<p>A Escola de Moda do Porto lan\u00e7a um mercado de Natal focado na sustentabilidade e no impacto social. Nas semanas que antecedem o evento, a escola recolher\u00e1 roupa reutilizada junto da sua comunidade (at\u00e9 ao 28 de Novembro); essas pe\u00e7as ser\u00e3o depois disponibilizadas ao p\u00fablico durante a feira, que decorre de 8 a 12 de dezembro.<\/p>\n\n\n\n<p>Mas em vez de pagar pelos artigos, os visitantes s\u00e3o convidados a doar alimentos n\u00e3o perec\u00edveis ou bens essenciais, que mais tarde s\u00e3o entregues a fam\u00edlias carenciadas.<\/p>\n\n\n\n<p>\u00c9 uma iniciativa pequena mas significativa, que combina moda circular com solidariedade natal\u00edcia.<\/p>\n\n\n\n<p><strong>Morada: Escola de Moda do Porto<\/strong><\/p>\n\n\n\n<p><strong>Hor\u00e1rio: de 8 a 12 de Dezembro.<\/strong><\/p>\n\n\n\n<h2 class=\"wp-block-heading\">Mercados de Natal no Porto (Distrito)<\/h2>\n\n\n\n<h3 class=\"wp-block-heading\">Mercado de Natal no WOW<\/h3>\n\n\n\n<figure class=\"wp-block-image size-full\"><img loading=\"lazy\" decoding=\"async\" width=\"668\" height=\"668\" src=\"http:\/\/portoalities.com\/wp-content\/uploads\/2023\/11\/wow-arvore-natal-mercado-porto.jpg\" alt=\"wow arvore natal mercado porto\" class=\"wp-image-132880\" srcset=\"https:\/\/portoalities.com\/wp-content\/uploads\/2023\/11\/wow-arvore-natal-mercado-porto.jpg 668w, https:\/\/portoalities.com\/wp-content\/uploads\/2023\/11\/wow-arvore-natal-mercado-porto-300x300.jpg 300w, https:\/\/portoalities.com\/wp-content\/uploads\/2023\/11\/wow-arvore-natal-mercado-porto-150x150.jpg 150w\" sizes=\"auto, (max-width: 668px) 100vw, 668px\" \/><\/figure>\n\n\n\n<figure class=\"wp-block-image size-full\"><img loading=\"lazy\" decoding=\"async\" width=\"668\" height=\"456\" src=\"http:\/\/portoalities.com\/wp-content\/uploads\/2023\/11\/wow-mercado-natal-porto.jpg\" alt=\"wow mercado natal porto\" class=\"wp-image-132875\" srcset=\"https:\/\/portoalities.com\/wp-content\/uploads\/2023\/11\/wow-mercado-natal-porto.jpg 668w, https:\/\/portoalities.com\/wp-content\/uploads\/2023\/11\/wow-mercado-natal-porto-300x205.jpg 300w\" sizes=\"auto, (max-width: 668px) 100vw, 668px\" \/><\/figure>\n\n\n\n<p>O World of Wine (WoW) \u00e9 o mais recente empreendimento dos propriet\u00e1rios da Taylor&#8217;s, uma das <a href=\"https:\/\/portoalities.com\/pt\/as-melhores-caves-de-vinho-do-porto\/\" target=\"_blank\" rel=\"noreferrer noopener\">melhores caves de vinho do Porto<\/a>. \u00c9 composto por cinco museus e alguns <a href=\"https:\/\/portoalities.com\/pt\/restaurantes-esplanada-porto\/\" target=\"_blank\" rel=\"noreferrer noopener\">restaurantes (caros) com esplanada<\/a> com uma vista magn\u00edfica sobre a <a href=\"https:\/\/portoalities.com\/pt\/coisas-para-fazer-ribeira-porto\/\" target=\"_blank\" rel=\"noreferrer noopener\">famosa zona da Ribeira<\/a> e a ponte Luiz I.<\/p>\n\n\n\n<p>De 22 de novembro a 6 de janeiro, o WOW promete ser um local imperd\u00edvel nesta \u00e9poca festiva!<\/p>\n\n\n\n<p>Para dar in\u00edcio a esta \u00e9poca especial, v\u00e3o iluminar a sua enorme \u00e1rvore de Natal na Pra\u00e7a Central do WOW, no dia 22 de novembro. A celebra\u00e7\u00e3o, que come\u00e7a \u00e0s 18h30, inclui diversas atividades, como concertos musicais, um encantador carrossel de Natal, visitas ao Pai Natal, trampolins e insufl\u00e1veis \u200b \ud83d\ude42<\/p>\n\n\n\n<p>Quanto ao Mercado de Natal propriamente dito, decorrer\u00e1 aos fins de semana a partir de 22 de Novembro e, de 13 de Dezembro at\u00e9 ao dia de Natal, todos os dias. Haver\u00e1 ainda uma feira gastron\u00f3mica, a Casa do Pai Natal, uma \u00c1rea Infantil e ainda um carrossel parisiense que far\u00e1 as del\u00edcias das crian\u00e7as. \u00c9 um lugar maravilhoso para fam\u00edlias.<\/p>\n\n\n\n<p><strong>Morada: Rua do Choupelo 39, em Vila Nova de Gaia<\/strong><\/p>\n\n\n\n<p><strong>Datas: <\/strong>aos fins de semana de 22 e 23 de novembro, 29 e 30 de novembro, 6 e 7 de dezembro e, de seguida, todos os dias de 13 a 23 de dezembro. O hor\u00e1rio de funcionamento \u00e9 das 12h \u00e0s 20h.<\/p>\n\n\n\n<h3 class=\"wp-block-heading\">Mercado de Natal de Matosinhos<\/h3>\n\n\n\n<figure class=\"wp-block-image size-full\"><img loading=\"lazy\" decoding=\"async\" width=\"668\" height=\"668\" src=\"http:\/\/portoalities.com\/wp-content\/uploads\/2023\/11\/matosinhos-christmas-markets.jpg\" alt=\"matosinhos christmas markets\" class=\"wp-image-136953\" srcset=\"https:\/\/portoalities.com\/wp-content\/uploads\/2023\/11\/matosinhos-christmas-markets.jpg 668w, https:\/\/portoalities.com\/wp-content\/uploads\/2023\/11\/matosinhos-christmas-markets-300x300.jpg 300w, https:\/\/portoalities.com\/wp-content\/uploads\/2023\/11\/matosinhos-christmas-markets-150x150.jpg 150w\" sizes=\"auto, (max-width: 668px) 100vw, 668px\" \/><\/figure>\n\n\n\n<p>A tradicional feira de artesanato de Matosinhos (FaMa), cidade vizinha onde encontrar\u00e1 <a href=\"https:\/\/portoalities.com\/pt\/melhores-marisqueiras-porto\/\" target=\"_blank\" rel=\"noreferrer noopener\">incr\u00edveis marisqueiras<\/a>, transforma-se sempre num mercado de Natal. <\/p>\n\n\n\n<p>S\u00e3o centenas de artes\u00e3os de todo o pa\u00eds, que v\u00e3o vender queijos e enchidos portugueses, chocolates, produtos de design, livros, roupas e joias, entre outras coisas para vestir, decorar a casa e comer.<\/p>\n\n\n\n<p>O mercado pode ser visitado todos os dias no Jardim Bas\u00edlio Teles, em frente \u00e0 C\u00e2mara Municipal de Matosinhos. <\/p>\n\n\n\n<p>Recomendo que assista ao Concerto de Natal com o Ensemble Vocal Pro Musica (um coro com mais de 100 anos de hist\u00f3ria) na Igreja do Bom Jesus em Matosinhos, com enfoque na m\u00fasica de Natal e sacra dos s\u00e9culos XVII a XXI, a partir das 21h30. Fica apenas a 10 minutos a p\u00e9 do Mercado de Natal e vale mesmo a pena \ud83d\ude42<\/p>\n\n\n\n<p><strong>Morada: Jardim Bas\u00edlio Teles, em Matosinhos<\/strong><\/p>\n\n\n\n<p><strong>Datas: 28 de Novembro a 23 de Dezembro de 2025<\/strong><\/p>\n\n\n\n<ul class=\"wp-block-list\">\n<li>Domingo a quinta-feira: 11h \u00e0s 19h30<\/li>\n\n\n\n<li>Sextas, s\u00e1bados e feriados: 12h \u00e0s 23h<\/li>\n<\/ul>\n\n\n\n<h3 class=\"wp-block-heading\">Mercado de Natal da Maia<\/h3>\n\n\n\n<figure class=\"wp-block-image size-full\"><img loading=\"lazy\" decoding=\"async\" width=\"668\" height=\"437\" src=\"http:\/\/portoalities.com\/wp-content\/uploads\/2023\/11\/mercado-natal-maia.jpg\" alt=\"mercado natal maia\" class=\"wp-image-132900\" srcset=\"https:\/\/portoalities.com\/wp-content\/uploads\/2023\/11\/mercado-natal-maia.jpg 668w, https:\/\/portoalities.com\/wp-content\/uploads\/2023\/11\/mercado-natal-maia-300x196.jpg 300w\" sizes=\"auto, (max-width: 668px) 100vw, 668px\" \/><\/figure>\n\n\n\n<figure class=\"wp-block-image size-full\"><img loading=\"lazy\" decoding=\"async\" width=\"668\" height=\"499\" src=\"http:\/\/portoalities.com\/wp-content\/uploads\/2023\/11\/carrossel-natal-maia.jpg\" alt=\"carrossel natal maia\" class=\"wp-image-132890\" srcset=\"https:\/\/portoalities.com\/wp-content\/uploads\/2023\/11\/carrossel-natal-maia.jpg 668w, https:\/\/portoalities.com\/wp-content\/uploads\/2023\/11\/carrossel-natal-maia-300x224.jpg 300w\" sizes=\"auto, (max-width: 668px) 100vw, 668px\" \/><\/figure>\n\n\n\n<p>Outro mercado de Natal, a apenas 25 minutos de metro do Porto, \u00e9 na cidade da Maia. O objetivo do mercado \u00e9 promover e dar a conhecer o artesanato, a gastronomia e os produtos locais, como chocolates, queijos, enchidos, biscoitos, licores, compotas e outras iguarias locais.<\/p>\n\n\n\n<p>A juntar ao ambiente festivo, haver\u00e1 uma Casa do Pai Natal, uma pista de gelo, um carrossel parisiense e um Desfile de Natal &#8211; o Pai Natal tem chegada prevista \u00e0 Maia no dia 8 de dezembro, pelas 17h30.<\/p>\n\n\n\n<p><strong>Morada: Pra\u00e7a Doutor Jos\u00e9 Vieira de Carvalho<\/strong><\/p>\n\n\n\n<p><strong>Datas: 29 de Novembro de 2024 a 5 de Janeiro de 2025<\/strong><\/p>\n\n\n\n<ul class=\"wp-block-list\">\n<li>De segunda a quinta-feira: 17h \u00e0s 22h<\/li>\n\n\n\n<li>Sextas-feiras: 17h \u00e0s 23h<\/li>\n\n\n\n<li>S\u00e1bados, domingos e feriados: 15h \u00e0s 23h<\/li>\n\n\n\n<li>24 e 31 de Dezembro: 10h \u00e0s 15h<\/li>\n<\/ul>\n\n\n\n<h3 class=\"wp-block-heading\">Archi Market na Casa da Arquitectura<\/h3>\n\n\n\n<figure class=\"wp-block-image size-full\"><img loading=\"lazy\" decoding=\"async\" width=\"668\" height=\"833\" src=\"http:\/\/portoalities.com\/wp-content\/uploads\/2024\/11\/archi-market-casa-arquitetura-matosinhos.jpg\" alt=\"archi market casa arquitetura matosinhos\" class=\"wp-image-138915\" srcset=\"https:\/\/portoalities.com\/wp-content\/uploads\/2024\/11\/archi-market-casa-arquitetura-matosinhos.jpg 668w, https:\/\/portoalities.com\/wp-content\/uploads\/2024\/11\/archi-market-casa-arquitetura-matosinhos-241x300.jpg 241w\" sizes=\"auto, (max-width: 668px) 100vw, 668px\" \/><\/figure>\n\n\n\n<p>De 29 de novembro a 1 de dezembro de 2025, v\u00e1rias marcas estar\u00e3o presentes no ArchiMarket \u2013 Mercado de Natal na <a href=\"https:\/\/casadaarquitectura.pt\/en\/\" target=\"_blank\" rel=\"noreferrer noopener\">Casa da Arquitectura<\/a>, um dos poucos museus de arquitetura contempor\u00e2nea do distrito do Porto, em Matosinhos.<\/p>\n\n\n\n<p>Esta feira de Natal re\u00fane criadores portugueses de refer\u00eancia nas \u00e1reas do design, arquitetura, arte, mobili\u00e1rio, cer\u00e2mica, joalharia e artes gr\u00e1ficas, numa sele\u00e7\u00e3o que reflete a qualidade da produ\u00e7\u00e3o criativa nacional.<\/p>\n\n\n\n<p><strong>Morada: Casa da Arquitectura, em Matosinhos<\/strong><\/p>\n\n\n\n<p><strong>Hor\u00e1rio: 29 de novembro a 1 de dezembro de 2025, entre as 10h e as 20h.<\/strong><\/p>\n\n\n\n<h4 class=\"wp-block-heading\">Guarde este artigo para mais tarde:<\/h4>\n\n\n\n<div class=\"wp-block-columns is-layout-flex wp-container-core-columns-is-layout-9d6595d7 wp-block-columns-is-layout-flex\">\n<div class=\"wp-block-column is-layout-flow wp-block-column-is-layout-flow\">\n<figure class=\"wp-block-image size-large\"><img loading=\"lazy\" decoding=\"async\" width=\"325\" height=\"488\" src=\"http:\/\/portoalities.com\/wp-content\/uploads\/2019\/12\/mercados-natal-porto-portugal-1.jpg\" alt=\"mercados natal porto portugal \" class=\"wp-image-37275\" srcset=\"https:\/\/portoalities.com\/wp-content\/uploads\/2019\/12\/mercados-natal-porto-portugal-1.jpg 325w, https:\/\/portoalities.com\/wp-content\/uploads\/2019\/12\/mercados-natal-porto-portugal-1-200x300.jpg 200w\" sizes=\"auto, (max-width: 325px) 100vw, 325px\" \/><\/figure>\n<\/div>\n\n\n\n<div class=\"wp-block-column is-layout-flow wp-block-column-is-layout-flow\">\n<figure class=\"wp-block-image size-large\"><img loading=\"lazy\" decoding=\"async\" width=\"300\" height=\"450\" src=\"http:\/\/portoalities.com\/wp-content\/uploads\/2019\/12\/mercados-natal-porto-portugal.jpg\" alt=\"mercados natal porto portugal \" class=\"wp-image-37276\" srcset=\"https:\/\/portoalities.com\/wp-content\/uploads\/2019\/12\/mercados-natal-porto-portugal.jpg 300w, https:\/\/portoalities.com\/wp-content\/uploads\/2019\/12\/mercados-natal-porto-portugal-200x300.jpg 200w\" sizes=\"auto, (max-width: 300px) 100vw, 300px\" \/><\/figure>\n<\/div>\n<\/div>\n","protected":false},"excerpt":{"rendered":"<p>Nesta altura do ano, qualquer pretexto serve para visitar os mercados de Natal no Porto.Mais do que as compras em\u2026<\/p>\n","protected":false},"author":3,"featured_media":111198,"comment_status":"open","ping_status":"open","sticky":false,"template":"","format":"standard","meta":{"footnotes":""},"categories":[90],"tags":[5363,5366,5376,5367,5368,3604],"class_list":["post-111196","post","type-post","status-publish","format-standard","has-post-thumbnail","hentry","category-atracoes_turisticas","tag-compras-pt-2","tag-mercados-pt-2","tag-natal-pt-2","tag-prendas-pt-2","tag-presentes-pt-2","tag-shopping"],"yoast_head":"<!-- This site is optimized with the Yoast SEO plugin v27.2 - https:\/\/yoast.com\/product\/yoast-seo-wordpress\/ -->\n<title>Mercados de Natal no Porto em 2025: conhe\u00e7a os melhores<\/title>\n<meta name=\"description\" content=\"Encontre aqui todos os mercados de Natal no Porto, onde pode encontrar artesanato tradicional e urbano, vestu\u00e1rio e brinquedos e muito mais!\" \/>\n<meta name=\"robots\" content=\"index, follow, max-snippet:-1, max-image-preview:large, max-video-preview:-1\" \/>\n<link rel=\"canonical\" href=\"https:\/\/portoalities.com\/pt\/melhores-mercados-natal-porto-portugal\/\" \/>\n<meta property=\"og:locale\" content=\"pt_PT\" \/>\n<meta property=\"og:type\" content=\"article\" \/>\n<meta property=\"og:title\" content=\"Mercados de Natal no Porto em 2025: conhe\u00e7a os melhores\" \/>\n<meta property=\"og:description\" content=\"Encontre aqui todos os mercados de Natal no Porto, onde pode encontrar artesanato tradicional e urbano, vestu\u00e1rio e brinquedos e muito mais!\" \/>\n<meta property=\"og:url\" content=\"https:\/\/portoalities.com\/pt\/melhores-mercados-natal-porto-portugal\/\" \/>\n<meta property=\"og:site_name\" content=\"Portoalities: Travel blog and Private tours in Porto and Douro Valley\" \/>\n<meta property=\"article:published_time\" content=\"2025-11-26T13:50:22+00:00\" \/>\n<meta property=\"article:modified_time\" content=\"2025-11-26T15:34:17+00:00\" \/>\n<meta property=\"og:image\" content=\"https:\/\/portoalities.com\/wp-content\/uploads\/2019\/12\/melhores-mercados-natal-porto-portugal.jpg\" \/>\n\t<meta property=\"og:image:width\" content=\"1440\" \/>\n\t<meta property=\"og:image:height\" content=\"700\" \/>\n\t<meta property=\"og:image:type\" content=\"image\/jpeg\" \/>\n<meta name=\"author\" content=\"Sara Riobom\" \/>\n<meta name=\"twitter:card\" content=\"summary_large_image\" \/>\n<meta name=\"twitter:label1\" content=\"Escrito por\" \/>\n\t<meta name=\"twitter:data1\" content=\"Sara Riobom\" \/>\n\t<meta name=\"twitter:label2\" content=\"Tempo estimado de leitura\" \/>\n\t<meta name=\"twitter:data2\" content=\"13 minutos\" \/>\n<script type=\"application\/ld+json\" class=\"yoast-schema-graph\">{\"@context\":\"https:\/\/schema.org\",\"@graph\":[{\"@type\":\"Article\",\"@id\":\"https:\/\/portoalities.com\/pt\/melhores-mercados-natal-porto-portugal\/#article\",\"isPartOf\":{\"@id\":\"https:\/\/portoalities.com\/pt\/melhores-mercados-natal-porto-portugal\/\"},\"author\":{\"name\":\"Sara Riobom\",\"@id\":\"https:\/\/portoalities.com\/en\/#\/schema\/person\/86e9ed8d9d1bb211cc9bf16ab54c5c0d\"},\"headline\":\"Os MELHORES mercados de Natal no Porto em 2025\",\"datePublished\":\"2025-11-26T13:50:22+00:00\",\"dateModified\":\"2025-11-26T15:34:17+00:00\",\"mainEntityOfPage\":{\"@id\":\"https:\/\/portoalities.com\/pt\/melhores-mercados-natal-porto-portugal\/\"},\"wordCount\":2035,\"commentCount\":0,\"image\":{\"@id\":\"https:\/\/portoalities.com\/pt\/melhores-mercados-natal-porto-portugal\/#primaryimage\"},\"thumbnailUrl\":\"https:\/\/portoalities.com\/wp-content\/uploads\/2019\/12\/melhores-mercados-natal-porto-portugal.jpg\",\"keywords\":[\"compras\",\"mercados\",\"natal\",\"prendas\",\"presentes\",\"shopping\"],\"articleSection\":[\"Atra\u00e7\u00f5es tur\u00edsticas\"],\"inLanguage\":\"pt-PT\",\"potentialAction\":[{\"@type\":\"CommentAction\",\"name\":\"Comment\",\"target\":[\"https:\/\/portoalities.com\/pt\/melhores-mercados-natal-porto-portugal\/#respond\"]}]},{\"@type\":\"WebPage\",\"@id\":\"https:\/\/portoalities.com\/pt\/melhores-mercados-natal-porto-portugal\/\",\"url\":\"https:\/\/portoalities.com\/pt\/melhores-mercados-natal-porto-portugal\/\",\"name\":\"Mercados de Natal no Porto em 2025: conhe\u00e7a os melhores\",\"isPartOf\":{\"@id\":\"https:\/\/portoalities.com\/en\/#website\"},\"primaryImageOfPage\":{\"@id\":\"https:\/\/portoalities.com\/pt\/melhores-mercados-natal-porto-portugal\/#primaryimage\"},\"image\":{\"@id\":\"https:\/\/portoalities.com\/pt\/melhores-mercados-natal-porto-portugal\/#primaryimage\"},\"thumbnailUrl\":\"https:\/\/portoalities.com\/wp-content\/uploads\/2019\/12\/melhores-mercados-natal-porto-portugal.jpg\",\"datePublished\":\"2025-11-26T13:50:22+00:00\",\"dateModified\":\"2025-11-26T15:34:17+00:00\",\"author\":{\"@id\":\"https:\/\/portoalities.com\/en\/#\/schema\/person\/86e9ed8d9d1bb211cc9bf16ab54c5c0d\"},\"description\":\"Encontre aqui todos os mercados de Natal no Porto, onde pode encontrar artesanato tradicional e urbano, vestu\u00e1rio e brinquedos e muito mais!\",\"breadcrumb\":{\"@id\":\"https:\/\/portoalities.com\/pt\/melhores-mercados-natal-porto-portugal\/#breadcrumb\"},\"inLanguage\":\"pt-PT\",\"potentialAction\":[{\"@type\":\"ReadAction\",\"target\":[\"https:\/\/portoalities.com\/pt\/melhores-mercados-natal-porto-portugal\/\"]}]},{\"@type\":\"ImageObject\",\"inLanguage\":\"pt-PT\",\"@id\":\"https:\/\/portoalities.com\/pt\/melhores-mercados-natal-porto-portugal\/#primaryimage\",\"url\":\"https:\/\/portoalities.com\/wp-content\/uploads\/2019\/12\/melhores-mercados-natal-porto-portugal.jpg\",\"contentUrl\":\"https:\/\/portoalities.com\/wp-content\/uploads\/2019\/12\/melhores-mercados-natal-porto-portugal.jpg\",\"width\":1440,\"height\":700},{\"@type\":\"BreadcrumbList\",\"@id\":\"https:\/\/portoalities.com\/pt\/melhores-mercados-natal-porto-portugal\/#breadcrumb\",\"itemListElement\":[{\"@type\":\"ListItem\",\"position\":1,\"name\":\"Home\",\"item\":\"https:\/\/portoalities.com\/pt\/\"},{\"@type\":\"ListItem\",\"position\":2,\"name\":\"Os MELHORES mercados de Natal no Porto em 2025\"}]},{\"@type\":\"WebSite\",\"@id\":\"https:\/\/portoalities.com\/en\/#website\",\"url\":\"https:\/\/portoalities.com\/en\/\",\"name\":\"Portoalities: Travel blog and Private tours in Porto and Douro Valley\",\"description\":\"\",\"potentialAction\":[{\"@type\":\"SearchAction\",\"target\":{\"@type\":\"EntryPoint\",\"urlTemplate\":\"https:\/\/portoalities.com\/en\/?s={search_term_string}\"},\"query-input\":{\"@type\":\"PropertyValueSpecification\",\"valueRequired\":true,\"valueName\":\"search_term_string\"}}],\"inLanguage\":\"pt-PT\"},{\"@type\":\"Person\",\"@id\":\"https:\/\/portoalities.com\/en\/#\/schema\/person\/86e9ed8d9d1bb211cc9bf16ab54c5c0d\",\"name\":\"Sara Riobom\",\"image\":{\"@type\":\"ImageObject\",\"inLanguage\":\"pt-PT\",\"@id\":\"https:\/\/secure.gravatar.com\/avatar\/21142310e9611a432e3b525f3a98f5c0539be889e67ec3fb511c335b41fb3c6a?s=96&d=mm&r=g\",\"url\":\"https:\/\/secure.gravatar.com\/avatar\/21142310e9611a432e3b525f3a98f5c0539be889e67ec3fb511c335b41fb3c6a?s=96&d=mm&r=g\",\"contentUrl\":\"https:\/\/secure.gravatar.com\/avatar\/21142310e9611a432e3b525f3a98f5c0539be889e67ec3fb511c335b41fb3c6a?s=96&d=mm&r=g\",\"caption\":\"Sara Riobom\"},\"url\":\"https:\/\/portoalities.com\/pt\/author\/admin\/\"}]}<\/script>\n<!-- \/ Yoast SEO plugin. -->","yoast_head_json":{"title":"Mercados de Natal no Porto em 2025: conhe\u00e7a os melhores","description":"Encontre aqui todos os mercados de Natal no Porto, onde pode encontrar artesanato tradicional e urbano, vestu\u00e1rio e brinquedos e muito mais!","robots":{"index":"index","follow":"follow","max-snippet":"max-snippet:-1","max-image-preview":"max-image-preview:large","max-video-preview":"max-video-preview:-1"},"canonical":"https:\/\/portoalities.com\/pt\/melhores-mercados-natal-porto-portugal\/","og_locale":"pt_PT","og_type":"article","og_title":"Mercados de Natal no Porto em 2025: conhe\u00e7a os melhores","og_description":"Encontre aqui todos os mercados de Natal no Porto, onde pode encontrar artesanato tradicional e urbano, vestu\u00e1rio e brinquedos e muito mais!","og_url":"https:\/\/portoalities.com\/pt\/melhores-mercados-natal-porto-portugal\/","og_site_name":"Portoalities: Travel blog and Private tours in Porto and Douro Valley","article_published_time":"2025-11-26T13:50:22+00:00","article_modified_time":"2025-11-26T15:34:17+00:00","og_image":[{"width":1440,"height":700,"url":"https:\/\/portoalities.com\/wp-content\/uploads\/2019\/12\/melhores-mercados-natal-porto-portugal.jpg","type":"image\/jpeg"}],"author":"Sara Riobom","twitter_card":"summary_large_image","twitter_misc":{"Escrito por":"Sara Riobom","Tempo estimado de leitura":"13 minutos"},"schema":{"@context":"https:\/\/schema.org","@graph":[{"@type":"Article","@id":"https:\/\/portoalities.com\/pt\/melhores-mercados-natal-porto-portugal\/#article","isPartOf":{"@id":"https:\/\/portoalities.com\/pt\/melhores-mercados-natal-porto-portugal\/"},"author":{"name":"Sara Riobom","@id":"https:\/\/portoalities.com\/en\/#\/schema\/person\/86e9ed8d9d1bb211cc9bf16ab54c5c0d"},"headline":"Os MELHORES mercados de Natal no Porto em 2025","datePublished":"2025-11-26T13:50:22+00:00","dateModified":"2025-11-26T15:34:17+00:00","mainEntityOfPage":{"@id":"https:\/\/portoalities.com\/pt\/melhores-mercados-natal-porto-portugal\/"},"wordCount":2035,"commentCount":0,"image":{"@id":"https:\/\/portoalities.com\/pt\/melhores-mercados-natal-porto-portugal\/#primaryimage"},"thumbnailUrl":"https:\/\/portoalities.com\/wp-content\/uploads\/2019\/12\/melhores-mercados-natal-porto-portugal.jpg","keywords":["compras","mercados","natal","prendas","presentes","shopping"],"articleSection":["Atra\u00e7\u00f5es tur\u00edsticas"],"inLanguage":"pt-PT","potentialAction":[{"@type":"CommentAction","name":"Comment","target":["https:\/\/portoalities.com\/pt\/melhores-mercados-natal-porto-portugal\/#respond"]}]},{"@type":"WebPage","@id":"https:\/\/portoalities.com\/pt\/melhores-mercados-natal-porto-portugal\/","url":"https:\/\/portoalities.com\/pt\/melhores-mercados-natal-porto-portugal\/","name":"Mercados de Natal no Porto em 2025: conhe\u00e7a os melhores","isPartOf":{"@id":"https:\/\/portoalities.com\/en\/#website"},"primaryImageOfPage":{"@id":"https:\/\/portoalities.com\/pt\/melhores-mercados-natal-porto-portugal\/#primaryimage"},"image":{"@id":"https:\/\/portoalities.com\/pt\/melhores-mercados-natal-porto-portugal\/#primaryimage"},"thumbnailUrl":"https:\/\/portoalities.com\/wp-content\/uploads\/2019\/12\/melhores-mercados-natal-porto-portugal.jpg","datePublished":"2025-11-26T13:50:22+00:00","dateModified":"2025-11-26T15:34:17+00:00","author":{"@id":"https:\/\/portoalities.com\/en\/#\/schema\/person\/86e9ed8d9d1bb211cc9bf16ab54c5c0d"},"description":"Encontre aqui todos os mercados de Natal no Porto, onde pode encontrar artesanato tradicional e urbano, vestu\u00e1rio e brinquedos e muito mais!","breadcrumb":{"@id":"https:\/\/portoalities.com\/pt\/melhores-mercados-natal-porto-portugal\/#breadcrumb"},"inLanguage":"pt-PT","potentialAction":[{"@type":"ReadAction","target":["https:\/\/portoalities.com\/pt\/melhores-mercados-natal-porto-portugal\/"]}]},{"@type":"ImageObject","inLanguage":"pt-PT","@id":"https:\/\/portoalities.com\/pt\/melhores-mercados-natal-porto-portugal\/#primaryimage","url":"https:\/\/portoalities.com\/wp-content\/uploads\/2019\/12\/melhores-mercados-natal-porto-portugal.jpg","contentUrl":"https:\/\/portoalities.com\/wp-content\/uploads\/2019\/12\/melhores-mercados-natal-porto-portugal.jpg","width":1440,"height":700},{"@type":"BreadcrumbList","@id":"https:\/\/portoalities.com\/pt\/melhores-mercados-natal-porto-portugal\/#breadcrumb","itemListElement":[{"@type":"ListItem","position":1,"name":"Home","item":"https:\/\/portoalities.com\/pt\/"},{"@type":"ListItem","position":2,"name":"Os MELHORES mercados de Natal no Porto em 2025"}]},{"@type":"WebSite","@id":"https:\/\/portoalities.com\/en\/#website","url":"https:\/\/portoalities.com\/en\/","name":"Portoalities: Travel blog and Private tours in Porto and Douro Valley","description":"","potentialAction":[{"@type":"SearchAction","target":{"@type":"EntryPoint","urlTemplate":"https:\/\/portoalities.com\/en\/?s={search_term_string}"},"query-input":{"@type":"PropertyValueSpecification","valueRequired":true,"valueName":"search_term_string"}}],"inLanguage":"pt-PT"},{"@type":"Person","@id":"https:\/\/portoalities.com\/en\/#\/schema\/person\/86e9ed8d9d1bb211cc9bf16ab54c5c0d","name":"Sara Riobom","image":{"@type":"ImageObject","inLanguage":"pt-PT","@id":"https:\/\/secure.gravatar.com\/avatar\/21142310e9611a432e3b525f3a98f5c0539be889e67ec3fb511c335b41fb3c6a?s=96&d=mm&r=g","url":"https:\/\/secure.gravatar.com\/avatar\/21142310e9611a432e3b525f3a98f5c0539be889e67ec3fb511c335b41fb3c6a?s=96&d=mm&r=g","contentUrl":"https:\/\/secure.gravatar.com\/avatar\/21142310e9611a432e3b525f3a98f5c0539be889e67ec3fb511c335b41fb3c6a?s=96&d=mm&r=g","caption":"Sara Riobom"},"url":"https:\/\/portoalities.com\/pt\/author\/admin\/"}]}},"_links":{"self":[{"href":"https:\/\/portoalities.com\/pt\/wp-json\/wp\/v2\/posts\/111196","targetHints":{"allow":["GET"]}}],"collection":[{"href":"https:\/\/portoalities.com\/pt\/wp-json\/wp\/v2\/posts"}],"about":[{"href":"https:\/\/portoalities.com\/pt\/wp-json\/wp\/v2\/types\/post"}],"author":[{"embeddable":true,"href":"https:\/\/portoalities.com\/pt\/wp-json\/wp\/v2\/users\/3"}],"replies":[{"embeddable":true,"href":"https:\/\/portoalities.com\/pt\/wp-json\/wp\/v2\/comments?post=111196"}],"version-history":[{"count":0,"href":"https:\/\/portoalities.com\/pt\/wp-json\/wp\/v2\/posts\/111196\/revisions"}],"wp:featuredmedia":[{"embeddable":true,"href":"https:\/\/portoalities.com\/pt\/wp-json\/wp\/v2\/media\/111198"}],"wp:attachment":[{"href":"https:\/\/portoalities.com\/pt\/wp-json\/wp\/v2\/media?parent=111196"}],"wp:term":[{"taxonomy":"category","embeddable":true,"href":"https:\/\/portoalities.com\/pt\/wp-json\/wp\/v2\/categories?post=111196"},{"taxonomy":"post_tag","embeddable":true,"href":"https:\/\/portoalities.com\/pt\/wp-json\/wp\/v2\/tags?post=111196"}],"curies":[{"name":"wp","href":"https:\/\/api.w.org\/{rel}","templated":true}]}}