{"id":111306,"date":"2020-06-01T01:49:54","date_gmt":"2020-06-01T01:49:54","guid":{"rendered":"https:\/\/portoalities.com\/os-belos-parques-e-jardins-do-porto\/"},"modified":"2020-06-01T01:49:37","modified_gmt":"2020-06-01T01:49:37","slug":"os-belos-parques-e-jardins-do-porto","status":"publish","type":"post","link":"https:\/\/portoalities.com\/pt\/os-belos-parques-e-jardins-do-porto\/","title":{"rendered":"Os belos parques e jardins do Porto"},"content":{"rendered":"\n<p>O bom tempo pede praia, cerveja ou&#8230; jardins. Aqueles locais verdejantes, com sombra, onde podemos esticar uma toalha de picnic, jogar \u00e0 bola ou passear de m\u00e3os dadas. \u00c9 t\u00e3o bom!<br>Os parques e jardins do Porto s\u00e3o lind\u00edssimos, a maior parte deles tem acesso gratuito, e est\u00e3o bem localizados. J\u00e1 conhece os melhores? \ud83d\ude42<\/p>\n\n\n\n<h2 class=\"wp-block-heading\">Quais s\u00e3o os melhores parques e jardins do Porto?<\/h2>\n\n\n\n<p>Existem muitos parques e jardins no Porto mas escolhi sete que s\u00e3o particularmente relevante pela sua dimens\u00e3o, boa acessibilidade e seguran\u00e7a.<\/p>\n\n\n\n<h3 class=\"wp-block-heading\"><a href=\"https:\/\/www.serralves.pt\/en\/\" target=\"_blank\" rel=\"noreferrer noopener\">Parque de Serralves<\/a><\/h3>\n\n\n\n<h5 class=\"wp-block-heading\">Rua D. Jo\u00e3o de Castro, 210 | Porto<\/h5>\n\n\n\n<p><img loading=\"lazy\" decoding=\"async\" class=\"alignnone size-full wp-image-25049\" src=\"\/wp-content\/uploads\/2017\/07\/parque-serralves-porto.jpg\" alt=\"parque serralves porto\" width=\"668\" height=\"443\"><br>Como j\u00e1 devem ter reparado, sou uma f\u00e3 incondicional da Funda\u00e7\u00e3o de Serralves, que possui, sem sombra alguma, um dos mais belos parques&nbsp; e jardins do Porto. Uma particularidade interessante dos jardins de Serralves \u00e9 que foram arquitetados de forma a terem sempre \u00e1rvores a florir, independentemente da altura do ano. \u00c9 sempre lind\u00edssimo, este meu jardim de sil\u00eancios e sorrisos \ud83d\ude42<br>Por outro lado, tem um lago central, uma gruta misteriosa, e&#8230; cavalos, ovelhas e vacas!<\/p>\n\n\n\n<figure class=\"wp-block-image alignnone size-full wp-image-8593\"><img decoding=\"async\" src=\"\/wp-content\/uploads\/2017\/07\/jardins-serralves-animais.jpg\" alt=\"jardins serralves animais\" class=\"wp-image-8561\"\/><figcaption>\u00a9 Damiandude. Quando tenho tours com crian\u00e7as nem imaginam as macacadas que fazemos para chamar a aten\u00e7\u00e3o dos cavalos! \ud83d\ude42<\/figcaption><\/figure>\n\n\n\n<p>Serralves \u00e9 tamb\u00e9m o parque do Porto mais indicado para fam\u00edlias, uma vez que possui passeios largos e sempre impecavelmente cuidados e um restaurante imenso com vista para o arvoredo a perder de vista.<br>Recentemente a Funda\u00e7\u00e3o de Serralves construiu o TreeTop Walk, uma esp\u00e9cie de passadi\u00e7o de madeira junto \u00e0 copa das \u00e1rvores, que permite observar a biodiversidade do Parque de Serralves. \u00c9 min\u00fasculo, mas \u00e9 muito bonito.<br><br><em><strong>Como chegar l\u00e1:<\/strong> autocarros 201 (paragem SRV1), 203 (paragem SRV2), e 207&nbsp;(paragem SRVM1).<br><br><strong>Bilhetes para Serralves: <\/strong>Pode comprar o <a href=\"https:\/\/www.getyourguide.com\/porto-l151\/porto-serralves-museum-park-entrance-ticket-t66545\/?partner_id=H93B56T&amp;cmp=parques-jardins-porto\" target=\"_blank\" rel=\"nofollow noopener noreferrer\">bilhete online<\/a> por 20\u20ac, que lhe d\u00e1 acesso n\u00e3o s\u00f3 ao parque mas tamb\u00e9m ao museu de Serralves. Naturalmente, pode comprar apenas o bilhete para os jardins por 12\u20ac. Eu gosto de comprar o bilhete online porque assim n\u00e3o vou para a fila &#8211; basta apresentar o bilhete no smartphone e voil\u00e1!, j\u00e1 me estou a perder em Serralves \ud83d\ude42<\/em><\/p>\n\n\n\n<h3 class=\"wp-block-heading\">Parque da Cidade<\/h3>\n\n\n\n<h5 class=\"wp-block-heading\">V\u00e1rias entradas | Porto<\/h5>\n\n\n\n<figure class=\"wp-block-image alignnone size-full wp-image-8596\"><img decoding=\"async\" src=\"\/wp-content\/uploads\/2017\/07\/parque-da-cidade-porto.jpg\" alt=\"parque da cidade porto\" class=\"wp-image-8569\"\/><figcaption>\u00a9 Jorge Garcia<\/figcaption><\/figure>\n\n\n\n<p>O Parque da Cidade \u00e9 n\u00e3o s\u00f3 um dos maiores parques e jardins do Porto como, provavelmente, o mais popular.<br>Eu pessoalmente n\u00e3o aprecio as suas \u00e1reas enormes, preferindo os jardins mais rec\u00f4nditos, de arquitetura rom\u00e2ntica. No entanto, reconhe\u00e7o que o Parque da Cidade \u00e9 a escolha ideal para fazer picnics com os amigos, jogar \u00e0 bola, fazer caminhadas, dar uma corrida ou mesmo passear o c\u00e3o.<br>Aos s\u00e1bados de manh\u00e3 decorre um mercado biol\u00f3gico no Parque da Cidade (nas traseiras do restaurante Soundwich), onde encontra produtos de grande qualidade.<br>Para g\u00e1udio de todos existem fontes de \u00e1guas distribu\u00eddas neste parque do Porto, bem como sanit\u00e1rios p\u00fablicos.<br><br><em><strong>Como chegar l\u00e1:<\/strong> existem v\u00e1rias entradas do Parque da Cidade, todas devidamente assinaladas &#8211; eu gosto de usar a entrada da Avenida da Boavista, porque tem um estacionamento gratuito em frente. Pode tamb\u00e9m apanhar o metro at\u00e9 \u00e0 esta\u00e7\u00e3o Matosinhos Sul, que fica a 15 minutos a p\u00e9 do parque. Verifique tamb\u00e9m os autocarros&nbsp; 203, 205, 500 e 502 (todos na paragem CQ8), e 504 (paragem PRCD2).<br><br><strong>Bilhetes para o Parque da Cidade:<\/strong> a entrada \u00e9 gratuita.<\/em><\/p>\n\n\n\n<h3 class=\"wp-block-heading\">Jardins do Pal\u00e1cio de Cristal<\/h3>\n\n\n\n<h5 class=\"wp-block-heading\">Rua de Entre-Quintas, 20 | Porto<\/h5>\n\n\n\n<figure class=\"wp-block-image alignnone size-full wp-image-8592\"><img decoding=\"async\" src=\"\/wp-content\/uploads\/2017\/07\/jardins-palacio-cristal.jpg\" alt=\"jardins palacio cristal porto\" class=\"wp-image-8562\"\/><figcaption>\u00a9 Chilangoco<\/figcaption><\/figure>\n\n\n\n<p>O Pal\u00e1cio de Cristal possui um dos mais belos parques e jardins do Porto. Como j\u00e1 aqui contei <a href=\"https:\/\/portoalities.com\/pt\/150-anos-do-desaparecido-palacio-de-cristal\/\">a hist\u00f3ria do (inexistente) pal\u00e1cio<\/a>, vou focar-me inteiramente nos jardins em si.<br>Nos jardins do Pal\u00e1cio de Cristal, onde existem japoneiras centen\u00e1rias, encontrar\u00e1 tamb\u00e9m um discreto jardim dos sentimentos, um perfumado jardim de rosas e um lago rec\u00f4ndito com muitos cisnes e patos.<br>E, embora n\u00e3o possua parque infantil, estes jardins t\u00eam pav\u00f5es \u00e0 solta, cujo resultado \u00e9 quase o mesmo &#8211; deixa os mi\u00fados entretidos, em seguran\u00e7a e sem darem muito trabalho! \ud83d\ude09<br><img loading=\"lazy\" decoding=\"async\" width=\"668\" height=\"418\" class=\"alignnone size-full wp-image-25048\" src=\"\/wp-content\/uploads\/2017\/07\/jardins-palacio-cristal-porto.jpg\" alt=\"jardins palacio cristal porto\"><br>Nos jardins do Pal\u00e1cio de Cristal existe uma avenida muito bonita onde se esconde a <a href=\"https:\/\/portoalities.com\/pt\/uma-historia-de-amor-no-porto\/\">Capela dedicada a Carlos Alberto<\/a>. Da\u00ed pode ver uma das mais belas vistas do Porto, na direc\u00e7\u00e3o da ponte da Arr\u00e1bida, que \u00e9 particularmente impressionante \u00e0 luz do p\u00f4r do sol. J\u00e1 noutra direc\u00e7\u00e3o existe uma vista engra\u00e7ada sobre a Alf\u00e2ndega do Porto.Estes jardins, sem d\u00favida um dos mais bonitos jardins do Porto, s\u00e3o ideais para passeios rom\u00e2nticos sem pressa \ud83d\ude09<br><br><em><strong>Como chegar l\u00e1:<\/strong> existem v\u00e1rias paragens de autocarro \u00e0 porta do Pal\u00e1cio de Cristal: 200, 201, 207, 208, 303, 501 (todos na paragem PAL4), 507 e 601 (ambos na paragem PAL5).<br><br><strong>Bilhetes para o Pal\u00e1cio de Cristal:<\/strong> entrada gratuita.<\/em><\/p>\n\n\n\n<h3 class=\"wp-block-heading\">Jardim das Virtudes<\/h3>\n\n\n\n<h5 class=\"wp-block-heading\">Passeio das Virtudes, 14 | Porto<\/h5>\n\n\n\n<figure class=\"wp-block-image alignnone size-full wp-image-8590\"><img decoding=\"async\" src=\"\/wp-content\/uploads\/2017\/07\/jardim-virtudes-porto.jpg\" alt=\"jardim virtudes porto\" class=\"wp-image-8568\"\/><figcaption>\u00a9 C\u00e2mara Municipal do Porto<\/figcaption><\/figure>\n\n\n\n<p>Geralmente, as pessoas confundem o <em>Jardim<\/em> das Virtudes com o <em>Miradouro<\/em> das Virtudes. De facto, j\u00e1 escrevi sobre o Miradouro das Virtudes no artigo sobre os <a href=\"https:\/\/portoalities.com\/pt\/quais-sao-os-melhores-miradouros-do-porto\/\">melhores miradouros do Porto<\/a>. Mas se descer a rua (para a direita de quem est\u00e1 de frente para o miradouro), ver\u00e1 um port\u00e3o discreto para o Jardim das Virtudes, os belos parques e jardins do Porto de que estou a falar.<br>O que aprecio neste jardim do Porto \u00e9 a sua constru\u00e7\u00e3o em terra\u00e7os, de onde se tem uma vista privilegiada sobre o rio Douro, Gaia e Ribeira.<br>Este jardim despretensioso \u00e9 um bom local para fazer um picnic com os amigos ou com a fam\u00edlia. Est\u00e1 tamb\u00e9m a uns minutos a p\u00e9 da Taberna de Santo Ant\u00f3nio e do <a href=\"https:\/\/www.tripadvisor.pt\/Restaurant_Review-g189180-d8659203-Reviews-Arvore_Restaurante-Porto_Porto_District_Northern_Portugal.html\" target=\"_blank\" rel=\"noreferrer noopener nofollow\">restaurante \u00c1rvore<\/a>, que eu considero bastante rom\u00e2ntico \ud83d\ude42<br>Assim, o Jardim das Virtudes \u00e9 definitivamente uns dos melhores parques e jardins do Porto quer em termos de c\u00e9nica quer em termos de conveni\u00eancia log\u00edstica.<br><br><em><strong>Como chegar l\u00e1:<\/strong> autocarros 200, 201, 207, 208, 300, 301, 303, 501, 507, 601, 602 e 801 (todos na paragem HSA e HSA1, mesmo ao lado). Pode tamb\u00e9m apanhar o el\u00e9trico 18 e o 22 (paragem: Viriato). Finalmente, a esta\u00e7\u00e3o de metro Aliados, na linha Amarela, fica a 15 minutos a p\u00e9.<br><br><strong>Bilhetes para o Jardins das Virtudes:<\/strong> entrada gratuita.<\/em><\/p>\n\n\n\n<h3 class=\"wp-block-heading\"><a href=\"https:\/\/jardimbotanico.up.pt\/\" target=\"_blank\" rel=\"noreferrer noopener\">Jardim Bot\u00e2nico do Porto<\/a><\/h3>\n\n\n\n<h5 class=\"wp-block-heading\">Rua do Campo Alegre, 1191 | Porto<\/h5>\n\n\n\n<p><img loading=\"lazy\" decoding=\"async\" width=\"668\" height=\"445\" class=\"alignnone size-full wp-image-8587\" src=\"\/wp-content\/uploads\/2017\/07\/jardim-botanico-porto-arvores.jpg\" alt=\"jardim botanico porto arvores\"><br>Lembro-me como se fosse hoje. Era um dia chuvoso e eu andava <a href=\"https:\/\/portoalities.com\/pt\/porque-e-que-a-flor-do-porto-e-a-camelia\/\">\u00e0 ca\u00e7a de cam\u00e9lias<\/a>. Dei por mim neste imenso jardim perdido no buli\u00e7o da cidade, onde o tempo parecia n\u00e3o ter medo da chuva. Deserto ao vento, como eu. Que sensa\u00e7\u00e3o, este meu primeiro encontro com o Jardim Bot\u00e2nico do Porto!<br><br>Apesar de ser do conhecimento geral que este \u00e9 dos mais bonitos parques e jardins do Porto, a verdade \u00e9 que ningu\u00e9m lhe presta muita aten\u00e7\u00e3o (talvez porque est\u00e1 numa zona chata para arranjar estacionamento).<br>L\u00e1 encontra n\u00e3o s\u00f3 japoneiras magn\u00edficas como imensos cactos, plantas suculentas, estufas (uma delas de orqu\u00eddeas, a minha flor preferida) e, acima de tudo, passeios largos e silenciosos. Que maravilha, este pequeno pulm\u00e3o citadino.<img loading=\"lazy\" decoding=\"async\" width=\"668\" height=\"445\" class=\"alignnone size-full wp-image-8588\" src=\"\/wp-content\/uploads\/2017\/07\/jardim-botanico-porto-plantas-suculentas.jpg\" alt=\"jardim botanico porto plantas-suculentas\"><br><em><strong>Como chegar l\u00e1:<\/strong> apanhe os autocarros 200, 204, 207 e 504 (saia na paragem CART2).<br><br><strong>Bilhetes para o Jardim Bot\u00e2nico do Porto:<\/strong> entrada gratuita.<\/em><\/p>\n\n\n\n<h3 class=\"wp-block-heading\">Parque de S\u00e3o Roque<\/h3>\n\n\n\n<h5 class=\"wp-block-heading\">Rua S\u00e3o Roque da Lameira | Porto<\/h5>\n\n\n\n<p><img loading=\"lazy\" decoding=\"async\" width=\"668\" height=\"446\" class=\"alignnone wp-image-8597\" src=\"\/wp-content\/uploads\/2017\/07\/parque-sao-roque-porto.jpg\" alt=\"parque sao roque porto\"><br>Muitos desconhecem o Parque de S\u00e3o Roque, que \u00e9 sem d\u00favida alguma um dos mais espectaculares parques e jardins do Porto. A maior parte das pessoas n\u00e3o o frequenta por ser na zona oriental da cidade, mas est\u00e1 a escassos 10min a p\u00e9 da esta\u00e7\u00e3o de metro Est\u00e1dio do Drag\u00e3o.<br>O Parque de S\u00e3o Roque tem belas constru\u00e7\u00f5es humanas tal como uma capelinha, fontes, um labirinto de sebes e at\u00e9 uma gruta. L\u00e1 encontrar\u00e1 tamb\u00e9m umas mesas de granito que v\u00eam mesmo a jeito para os picnics, e passeios largos, perfeitos para correr ou para passear um carrinho de beb\u00e9.<br>Assim, a visita a este parque do Porto \u00e9 obrigat\u00f3ria para fam\u00edlias com crian\u00e7as e para corredores.<br><br><em><strong>Como chegar l\u00e1: <\/strong>a esta\u00e7\u00e3o de metro Est\u00e1dio do Drag\u00e3o fica a 10 minutos a p\u00e9.<br><br><strong>Bilhetes para o Parque de S\u00e3o Roque:<\/strong> entrada gratuita.<\/em><\/p>\n\n\n\n<h3 class=\"wp-block-heading\">Quinta do Covelo<\/h3>\n\n\n\n<h5 class=\"wp-block-heading\">Quinta do Covelo | Porto<\/h5>\n\n\n\n<p><img loading=\"lazy\" decoding=\"async\" width=\"668\" height=\"445\" class=\"alignnone size-full wp-image-25047\" src=\"\/wp-content\/uploads\/2017\/07\/quinta-covelo-porto.jpg\" alt=\"quinta covelo porto\"><br>Confesso que n\u00e3o frequento muito este parque do Porto, embora devesse (n\u00e3o \u00e9 assim <em>t\u00e3o<\/em> longe de minha casa). Tal como o Jardim Bot\u00e2nico do Porto, a Quinta do Covelo est\u00e1 muito pr\u00f3xima da autoestrada mas o ru\u00eddo \u00e9 praticamente inexistente.<br>L\u00e1 dentro encontra uma faixa de BTT, trilhos para caminhantes (j\u00e1 com percursos definidos) e um parque infantil para os mi\u00fados. Assim, este \u00e9 um dos melhores parques e jardins do Porto para amantes de desporto e para fam\u00edlias com crian\u00e7as.<br><br><em><strong>Como chegar l\u00e1: <\/strong>este parque fica a 10 minutos a p\u00e9 da esta\u00e7\u00e3o de metro Marqu\u00eas (linha amarela). Os autocarros 204 e 603 (paragem BJ1) tamb\u00e9m passam l\u00e1 perto.<br><br><strong>Bilhetes para a Quinta do Covelo:<\/strong> entrada gratuita.<\/em><\/p>\n\n\n\n<h2 class=\"wp-block-heading\">Extra: Parques e jardins <em>perto<\/em> do Porto<\/h2>\n\n\n\n<h3 class=\"wp-block-heading\">Jardim do Morro<\/h3>\n\n\n\n<h5 class=\"wp-block-heading\">Avenida da Rep\u00fablica | Vila Nova de Gaia<\/h5>\n\n\n\n<figure class=\"wp-block-image alignnone size-full wp-image-25042\"><img decoding=\"async\" src=\"\/wp-content\/uploads\/2017\/07\/jardim-morro-vila-nova-gaia.jpg\" alt=\"jardim morro vila nova gaia\" class=\"wp-image-25042\"\/><figcaption>\u00a9 Gabriele Duarte da Silva<\/figcaption><\/figure>\n\n\n\n<p>Quem disse pela primeira vez que a \u00fanica coisa boa de Vila Nova de Gaia \u00e9 a vista para o Porto, provavelmente estava a pensar na vista do Jardim do Morro. Este humilde jardim, localizado ao lado da ponte Luiz I, tem uma vista deslumbrante sobre a Ribeira e a ponte da Arr\u00e1bida.<br>N\u00e3o h\u00e1 muito o que fazer l\u00e1, por isso recomendo que leve uma toalha, alguns snacks deliciosos e bons amigos e aproveite o seu piquenique ao p\u00f4r do sol.<br><br><em><strong>Como chegar l\u00e1:<\/strong> A esta\u00e7\u00e3o de metro Jardim do Morro fica literalmente do outro lado da rua. Voc\u00ea tamb\u00e9m pode ir a p\u00e9 desde o tabuleiro superior da ponte Luiz I, \u00e9 um passeio bonito.<br><br><strong>Bilhetes para o Jardim do Morro:<\/strong> Entrada gratuita.<\/em><\/p>\n\n\n\n<h3 class=\"wp-block-heading\">Quinta da Concei\u00e7\u00e3o<\/h3>\n\n\n\n<h5 class=\"wp-block-heading\">Avenida Antunes Guimar\u00e3es, 13 | Le\u00e7a da Palmeira<\/h5>\n\n\n\n<p><img loading=\"lazy\" decoding=\"async\" width=\"668\" height=\"445\" class=\"alignnone size-full wp-image-25043\" src=\"\/wp-content\/uploads\/2017\/07\/quinta-conceicao-leca-palmeira-portugal.jpg\" alt=\"quinta conceicao leca palmeira portugal\"><br>Lembro-me de ir a este jardim de Le\u00e7a da Palmeira com o meu namorado no secund\u00e1rio, e ainda \u00e9 um lugar que gosto muito de visitar aos domingos.<br>Este jardim era o local do convento de Nossa Senhora da Concei\u00e7\u00e3o, que chegou l\u00e1 em 1481. Algumas d\u00e9cadas depois, o clima severo fez com que todos deixassem o local, que ficou completamente abandonado por mais de tr\u00eas s\u00e9culos.<br>Hoje, ainda \u00e9 vis\u00edvel o antigo claustro do convento, algumas fontes, um portal de estilo manuelino (a beleza da foto acima) e a capela de S\u00e3o Francisco, tornando este um dos mais rom\u00e2nticos parques e jardins do Porto.<br>Al\u00e9m disso, na Quinta da Concei\u00e7\u00e3o encontra uma das melhores piscinas do Porto, projetada por Siza Vieira.<br><br><em><strong>Como chegar l\u00e1:<\/strong> existe uma paragem de autocarro do outro lado da rua (linha 601, que parte perto da esta\u00e7\u00e3o de metro Casa da M\u00fasica).<br><br><strong>Bilhetes para a Quinta da Concei\u00e7\u00e3o:<\/strong> entrada gratuita.<\/em><\/p>\n\n\n\n<h4 class=\"wp-block-heading\">Guarde este artigo para mais tarde:<\/h4>\n\n\n\n<div class=\"wp-block-columns is-layout-flex wp-container-core-columns-is-layout-9d6595d7 wp-block-columns-is-layout-flex\">\n<div class=\"wp-block-column is-layout-flow wp-block-column-is-layout-flow\">\n<figure class=\"wp-block-image size-large\"><img loading=\"lazy\" decoding=\"async\" width=\"325\" height=\"488\" src=\"http:\/\/portoalities.com\/wp-content\/uploads\/2017\/07\/melhores-jardins-porto.jpg\" alt=\"melhores jardins porto\" class=\"wp-image-33186\" srcset=\"https:\/\/portoalities.com\/wp-content\/uploads\/2017\/07\/melhores-jardins-porto.jpg 325w, https:\/\/portoalities.com\/wp-content\/uploads\/2017\/07\/melhores-jardins-porto-200x300.jpg 200w\" sizes=\"auto, (max-width: 325px) 100vw, 325px\" \/><\/figure>\n<\/div>\n\n\n\n<div class=\"wp-block-column is-layout-flow wp-block-column-is-layout-flow\">\n<figure class=\"wp-block-image size-large\"><img loading=\"lazy\" decoding=\"async\" width=\"325\" height=\"487\" src=\"http:\/\/portoalities.com\/wp-content\/uploads\/2017\/07\/melhores-jardins-parques-porto-portugal.jpg\" alt=\"melhores jardins parques porto portugal\" class=\"wp-image-33185\" srcset=\"https:\/\/portoalities.com\/wp-content\/uploads\/2017\/07\/melhores-jardins-parques-porto-portugal.jpg 325w, https:\/\/portoalities.com\/wp-content\/uploads\/2017\/07\/melhores-jardins-parques-porto-portugal-200x300.jpg 200w\" sizes=\"auto, (max-width: 325px) 100vw, 325px\" \/><\/figure>\n<\/div>\n<\/div>\n","protected":false},"excerpt":{"rendered":"<p>O bom tempo pede praia, cerveja ou&#8230; jardins. Aqueles locais verdejantes, com sombra, onde podemos esticar uma toalha de picnic,\u2026<\/p>\n","protected":false},"author":3,"featured_media":111308,"comment_status":"closed","ping_status":"closed","sticky":false,"template":"","format":"standard","meta":{"footnotes":""},"categories":[90],"tags":[5342,5344,5508,5509,5510,5442,5511,5512,5513,5514],"class_list":["post-111306","post","type-post","status-publish","format-standard","has-post-thumbnail","hentry","category-atracoes_turisticas","tag-criancas-pt-2","tag-familia-pt-2","tag-jardim-das-virtudes-pt-2","tag-jardins-pt-2","tag-palacio-de-cristal-pt-2","tag-parque-da-cidade-pt-2","tag-parque-de-sao-roque-pt","tag-parques-pt","tag-picnic-pt-2","tag-quinta-do-covela-pt"],"yoast_head":"<!-- This site is optimized with the Yoast SEO plugin v27.2 - https:\/\/yoast.com\/product\/yoast-seo-wordpress\/ -->\n<title>Os belos parques e jardins do Porto | Blog Portoalities: Travel blog and Private tours in Porto and Douro Valley<\/title>\n<meta name=\"description\" content=\"Conhe\u00e7a os melhores parques e jardins do Porto, incluindo informa\u00e7\u00f5es de transporte, acessibilidade e instala\u00e7\u00f5es, como parques infantis.\" \/>\n<meta name=\"robots\" content=\"index, follow, max-snippet:-1, max-image-preview:large, max-video-preview:-1\" \/>\n<link rel=\"canonical\" href=\"https:\/\/portoalities.com\/en\/best-parks-and-gardens-in-porto\/\" \/>\n<meta property=\"og:locale\" content=\"pt_PT\" \/>\n<meta property=\"og:type\" content=\"article\" \/>\n<meta property=\"og:title\" content=\"Os belos parques e jardins do Porto | Blog Portoalities: Travel blog and Private tours in Porto and Douro Valley\" \/>\n<meta property=\"og:description\" content=\"Conhe\u00e7a os melhores parques e jardins do Porto, incluindo informa\u00e7\u00f5es de transporte, acessibilidade e instala\u00e7\u00f5es, como parques infantis.\" \/>\n<meta property=\"og:url\" content=\"https:\/\/portoalities.com\/en\/best-parks-and-gardens-in-porto\/\" \/>\n<meta property=\"og:site_name\" content=\"Portoalities: Travel blog and Private tours in Porto and Douro Valley\" \/>\n<meta property=\"article:published_time\" content=\"2020-06-01T01:49:54+00:00\" \/>\n<meta property=\"og:image\" content=\"https:\/\/portoalities.com\/wp-content\/uploads\/2020\/06\/melhores-parques-jardins-porto.jpg\" \/>\n\t<meta property=\"og:image:width\" content=\"1440\" \/>\n\t<meta property=\"og:image:height\" content=\"703\" \/>\n\t<meta property=\"og:image:type\" content=\"image\/jpeg\" \/>\n<meta name=\"author\" content=\"Sara Riobom\" \/>\n<meta name=\"twitter:card\" content=\"summary_large_image\" \/>\n<meta name=\"twitter:label1\" content=\"Escrito por\" \/>\n\t<meta name=\"twitter:data1\" content=\"Sara Riobom\" \/>\n\t<meta name=\"twitter:label2\" content=\"Tempo estimado de leitura\" \/>\n\t<meta name=\"twitter:data2\" content=\"11 minutos\" \/>\n<script type=\"application\/ld+json\" class=\"yoast-schema-graph\">{\"@context\":\"https:\/\/schema.org\",\"@graph\":[{\"@type\":\"Article\",\"@id\":\"https:\/\/portoalities.com\/en\/best-parks-and-gardens-in-porto\/#article\",\"isPartOf\":{\"@id\":\"https:\/\/portoalities.com\/en\/best-parks-and-gardens-in-porto\/\"},\"author\":{\"name\":\"Sara Riobom\",\"@id\":\"https:\/\/portoalities.com\/en\/#\/schema\/person\/86e9ed8d9d1bb211cc9bf16ab54c5c0d\"},\"headline\":\"Os belos parques e jardins do Porto\",\"datePublished\":\"2020-06-01T01:49:54+00:00\",\"mainEntityOfPage\":{\"@id\":\"https:\/\/portoalities.com\/en\/best-parks-and-gardens-in-porto\/\"},\"wordCount\":1804,\"image\":{\"@id\":\"https:\/\/portoalities.com\/en\/best-parks-and-gardens-in-porto\/#primaryimage\"},\"thumbnailUrl\":\"https:\/\/portoalities.com\/wp-content\/uploads\/2020\/06\/melhores-parques-jardins-porto.jpg\",\"keywords\":[\"crian\u00e7as\",\"familia\",\"jardim das virtudes\",\"jardins\",\"palacio de cristal\",\"parque da cidade\",\"parque de sao roque\",\"parques\",\"picnic\",\"quinta do covela\"],\"articleSection\":[\"Atra\u00e7\u00f5es tur\u00edsticas\"],\"inLanguage\":\"pt-PT\"},{\"@type\":\"WebPage\",\"@id\":\"https:\/\/portoalities.com\/en\/best-parks-and-gardens-in-porto\/\",\"url\":\"https:\/\/portoalities.com\/en\/best-parks-and-gardens-in-porto\/\",\"name\":\"Os belos parques e jardins do Porto | Blog Portoalities: Travel blog and Private tours in Porto and Douro Valley\",\"isPartOf\":{\"@id\":\"https:\/\/portoalities.com\/en\/#website\"},\"primaryImageOfPage\":{\"@id\":\"https:\/\/portoalities.com\/en\/best-parks-and-gardens-in-porto\/#primaryimage\"},\"image\":{\"@id\":\"https:\/\/portoalities.com\/en\/best-parks-and-gardens-in-porto\/#primaryimage\"},\"thumbnailUrl\":\"https:\/\/portoalities.com\/wp-content\/uploads\/2020\/06\/melhores-parques-jardins-porto.jpg\",\"datePublished\":\"2020-06-01T01:49:54+00:00\",\"author\":{\"@id\":\"https:\/\/portoalities.com\/en\/#\/schema\/person\/86e9ed8d9d1bb211cc9bf16ab54c5c0d\"},\"description\":\"Conhe\u00e7a os melhores parques e jardins do Porto, incluindo informa\u00e7\u00f5es de transporte, acessibilidade e instala\u00e7\u00f5es, como parques infantis.\",\"breadcrumb\":{\"@id\":\"https:\/\/portoalities.com\/en\/best-parks-and-gardens-in-porto\/#breadcrumb\"},\"inLanguage\":\"pt-PT\",\"potentialAction\":[{\"@type\":\"ReadAction\",\"target\":[\"https:\/\/portoalities.com\/en\/best-parks-and-gardens-in-porto\/\"]}]},{\"@type\":\"ImageObject\",\"inLanguage\":\"pt-PT\",\"@id\":\"https:\/\/portoalities.com\/en\/best-parks-and-gardens-in-porto\/#primaryimage\",\"url\":\"https:\/\/portoalities.com\/wp-content\/uploads\/2020\/06\/melhores-parques-jardins-porto.jpg\",\"contentUrl\":\"https:\/\/portoalities.com\/wp-content\/uploads\/2020\/06\/melhores-parques-jardins-porto.jpg\",\"width\":1440,\"height\":703},{\"@type\":\"BreadcrumbList\",\"@id\":\"https:\/\/portoalities.com\/en\/best-parks-and-gardens-in-porto\/#breadcrumb\",\"itemListElement\":[{\"@type\":\"ListItem\",\"position\":1,\"name\":\"Home\",\"item\":\"https:\/\/portoalities.com\/pt\/\"},{\"@type\":\"ListItem\",\"position\":2,\"name\":\"Os belos parques e jardins do Porto\"}]},{\"@type\":\"WebSite\",\"@id\":\"https:\/\/portoalities.com\/en\/#website\",\"url\":\"https:\/\/portoalities.com\/en\/\",\"name\":\"Portoalities: Travel blog and Private tours in Porto and Douro Valley\",\"description\":\"\",\"potentialAction\":[{\"@type\":\"SearchAction\",\"target\":{\"@type\":\"EntryPoint\",\"urlTemplate\":\"https:\/\/portoalities.com\/en\/?s={search_term_string}\"},\"query-input\":{\"@type\":\"PropertyValueSpecification\",\"valueRequired\":true,\"valueName\":\"search_term_string\"}}],\"inLanguage\":\"pt-PT\"},{\"@type\":\"Person\",\"@id\":\"https:\/\/portoalities.com\/en\/#\/schema\/person\/86e9ed8d9d1bb211cc9bf16ab54c5c0d\",\"name\":\"Sara Riobom\",\"image\":{\"@type\":\"ImageObject\",\"inLanguage\":\"pt-PT\",\"@id\":\"https:\/\/secure.gravatar.com\/avatar\/21142310e9611a432e3b525f3a98f5c0539be889e67ec3fb511c335b41fb3c6a?s=96&d=mm&r=g\",\"url\":\"https:\/\/secure.gravatar.com\/avatar\/21142310e9611a432e3b525f3a98f5c0539be889e67ec3fb511c335b41fb3c6a?s=96&d=mm&r=g\",\"contentUrl\":\"https:\/\/secure.gravatar.com\/avatar\/21142310e9611a432e3b525f3a98f5c0539be889e67ec3fb511c335b41fb3c6a?s=96&d=mm&r=g\",\"caption\":\"Sara Riobom\"},\"url\":\"https:\/\/portoalities.com\/pt\/author\/admin\/\"}]}<\/script>\n<!-- \/ Yoast SEO plugin. -->","yoast_head_json":{"title":"Os belos parques e jardins do Porto | Blog Portoalities: Travel blog and Private tours in Porto and Douro Valley","description":"Conhe\u00e7a os melhores parques e jardins do Porto, incluindo informa\u00e7\u00f5es de transporte, acessibilidade e instala\u00e7\u00f5es, como parques infantis.","robots":{"index":"index","follow":"follow","max-snippet":"max-snippet:-1","max-image-preview":"max-image-preview:large","max-video-preview":"max-video-preview:-1"},"canonical":"https:\/\/portoalities.com\/en\/best-parks-and-gardens-in-porto\/","og_locale":"pt_PT","og_type":"article","og_title":"Os belos parques e jardins do Porto | Blog Portoalities: Travel blog and Private tours in Porto and Douro Valley","og_description":"Conhe\u00e7a os melhores parques e jardins do Porto, incluindo informa\u00e7\u00f5es de transporte, acessibilidade e instala\u00e7\u00f5es, como parques infantis.","og_url":"https:\/\/portoalities.com\/en\/best-parks-and-gardens-in-porto\/","og_site_name":"Portoalities: Travel blog and Private tours in Porto and Douro Valley","article_published_time":"2020-06-01T01:49:54+00:00","og_image":[{"width":1440,"height":703,"url":"https:\/\/portoalities.com\/wp-content\/uploads\/2020\/06\/melhores-parques-jardins-porto.jpg","type":"image\/jpeg"}],"author":"Sara Riobom","twitter_card":"summary_large_image","twitter_misc":{"Escrito por":"Sara Riobom","Tempo estimado de leitura":"11 minutos"},"schema":{"@context":"https:\/\/schema.org","@graph":[{"@type":"Article","@id":"https:\/\/portoalities.com\/en\/best-parks-and-gardens-in-porto\/#article","isPartOf":{"@id":"https:\/\/portoalities.com\/en\/best-parks-and-gardens-in-porto\/"},"author":{"name":"Sara Riobom","@id":"https:\/\/portoalities.com\/en\/#\/schema\/person\/86e9ed8d9d1bb211cc9bf16ab54c5c0d"},"headline":"Os belos parques e jardins do Porto","datePublished":"2020-06-01T01:49:54+00:00","mainEntityOfPage":{"@id":"https:\/\/portoalities.com\/en\/best-parks-and-gardens-in-porto\/"},"wordCount":1804,"image":{"@id":"https:\/\/portoalities.com\/en\/best-parks-and-gardens-in-porto\/#primaryimage"},"thumbnailUrl":"https:\/\/portoalities.com\/wp-content\/uploads\/2020\/06\/melhores-parques-jardins-porto.jpg","keywords":["crian\u00e7as","familia","jardim das virtudes","jardins","palacio de cristal","parque da cidade","parque de sao roque","parques","picnic","quinta do covela"],"articleSection":["Atra\u00e7\u00f5es tur\u00edsticas"],"inLanguage":"pt-PT"},{"@type":"WebPage","@id":"https:\/\/portoalities.com\/en\/best-parks-and-gardens-in-porto\/","url":"https:\/\/portoalities.com\/en\/best-parks-and-gardens-in-porto\/","name":"Os belos parques e jardins do Porto | Blog Portoalities: Travel blog and Private tours in Porto and Douro Valley","isPartOf":{"@id":"https:\/\/portoalities.com\/en\/#website"},"primaryImageOfPage":{"@id":"https:\/\/portoalities.com\/en\/best-parks-and-gardens-in-porto\/#primaryimage"},"image":{"@id":"https:\/\/portoalities.com\/en\/best-parks-and-gardens-in-porto\/#primaryimage"},"thumbnailUrl":"https:\/\/portoalities.com\/wp-content\/uploads\/2020\/06\/melhores-parques-jardins-porto.jpg","datePublished":"2020-06-01T01:49:54+00:00","author":{"@id":"https:\/\/portoalities.com\/en\/#\/schema\/person\/86e9ed8d9d1bb211cc9bf16ab54c5c0d"},"description":"Conhe\u00e7a os melhores parques e jardins do Porto, incluindo informa\u00e7\u00f5es de transporte, acessibilidade e instala\u00e7\u00f5es, como parques infantis.","breadcrumb":{"@id":"https:\/\/portoalities.com\/en\/best-parks-and-gardens-in-porto\/#breadcrumb"},"inLanguage":"pt-PT","potentialAction":[{"@type":"ReadAction","target":["https:\/\/portoalities.com\/en\/best-parks-and-gardens-in-porto\/"]}]},{"@type":"ImageObject","inLanguage":"pt-PT","@id":"https:\/\/portoalities.com\/en\/best-parks-and-gardens-in-porto\/#primaryimage","url":"https:\/\/portoalities.com\/wp-content\/uploads\/2020\/06\/melhores-parques-jardins-porto.jpg","contentUrl":"https:\/\/portoalities.com\/wp-content\/uploads\/2020\/06\/melhores-parques-jardins-porto.jpg","width":1440,"height":703},{"@type":"BreadcrumbList","@id":"https:\/\/portoalities.com\/en\/best-parks-and-gardens-in-porto\/#breadcrumb","itemListElement":[{"@type":"ListItem","position":1,"name":"Home","item":"https:\/\/portoalities.com\/pt\/"},{"@type":"ListItem","position":2,"name":"Os belos parques e jardins do Porto"}]},{"@type":"WebSite","@id":"https:\/\/portoalities.com\/en\/#website","url":"https:\/\/portoalities.com\/en\/","name":"Portoalities: Travel blog and Private tours in Porto and Douro Valley","description":"","potentialAction":[{"@type":"SearchAction","target":{"@type":"EntryPoint","urlTemplate":"https:\/\/portoalities.com\/en\/?s={search_term_string}"},"query-input":{"@type":"PropertyValueSpecification","valueRequired":true,"valueName":"search_term_string"}}],"inLanguage":"pt-PT"},{"@type":"Person","@id":"https:\/\/portoalities.com\/en\/#\/schema\/person\/86e9ed8d9d1bb211cc9bf16ab54c5c0d","name":"Sara Riobom","image":{"@type":"ImageObject","inLanguage":"pt-PT","@id":"https:\/\/secure.gravatar.com\/avatar\/21142310e9611a432e3b525f3a98f5c0539be889e67ec3fb511c335b41fb3c6a?s=96&d=mm&r=g","url":"https:\/\/secure.gravatar.com\/avatar\/21142310e9611a432e3b525f3a98f5c0539be889e67ec3fb511c335b41fb3c6a?s=96&d=mm&r=g","contentUrl":"https:\/\/secure.gravatar.com\/avatar\/21142310e9611a432e3b525f3a98f5c0539be889e67ec3fb511c335b41fb3c6a?s=96&d=mm&r=g","caption":"Sara Riobom"},"url":"https:\/\/portoalities.com\/pt\/author\/admin\/"}]}},"_links":{"self":[{"href":"https:\/\/portoalities.com\/pt\/wp-json\/wp\/v2\/posts\/111306","targetHints":{"allow":["GET"]}}],"collection":[{"href":"https:\/\/portoalities.com\/pt\/wp-json\/wp\/v2\/posts"}],"about":[{"href":"https:\/\/portoalities.com\/pt\/wp-json\/wp\/v2\/types\/post"}],"author":[{"embeddable":true,"href":"https:\/\/portoalities.com\/pt\/wp-json\/wp\/v2\/users\/3"}],"replies":[{"embeddable":true,"href":"https:\/\/portoalities.com\/pt\/wp-json\/wp\/v2\/comments?post=111306"}],"version-history":[{"count":0,"href":"https:\/\/portoalities.com\/pt\/wp-json\/wp\/v2\/posts\/111306\/revisions"}],"wp:featuredmedia":[{"embeddable":true,"href":"https:\/\/portoalities.com\/pt\/wp-json\/wp\/v2\/media\/111308"}],"wp:attachment":[{"href":"https:\/\/portoalities.com\/pt\/wp-json\/wp\/v2\/media?parent=111306"}],"wp:term":[{"taxonomy":"category","embeddable":true,"href":"https:\/\/portoalities.com\/pt\/wp-json\/wp\/v2\/categories?post=111306"},{"taxonomy":"post_tag","embeddable":true,"href":"https:\/\/portoalities.com\/pt\/wp-json\/wp\/v2\/tags?post=111306"}],"curies":[{"name":"wp","href":"https:\/\/api.w.org\/{rel}","templated":true}]}}