{"id":111353,"date":"2024-03-12T20:25:02","date_gmt":"2024-03-12T20:25:02","guid":{"rendered":"https:\/\/portoalities.com\/guia-do-porto-para-fas-de-design\/"},"modified":"2020-02-15T16:01:09","modified_gmt":"2020-02-15T16:01:09","slug":"guia-do-porto-para-fas-de-design","status":"publish","type":"post","link":"https:\/\/portoalities.com\/pt\/guia-do-porto-para-fas-de-design\/","title":{"rendered":"Guia do Porto para f\u00e3s de design"},"content":{"rendered":"\n<p>O Porto tendo vindo a presenciar uma mudan\u00e7a significativa no que toca a design.<br>Nos \u00faltimos anos, imensos edif\u00edcios em decomposi\u00e7\u00e3o foram reformados em hot\u00e9is e \/ ou restaurantes com um design apelativo. Para al\u00e9m disso, um n\u00famero crescente de galerias de arte exibe as \u00faltimas tend\u00eancias da arte contempor\u00e2nea.<\/p>\n\n\n\n<p>Assim, hoje trago-lhe um guia para o Porto para os f\u00e3s de design, que inclui as melhores galerias de arte da cidade, os hot\u00e9is mais art\u00edsticos e algumas lojas incr\u00edveis para comprar pe\u00e7as de design. Espero que goste!<\/p>\n\n\n\n<h2 class=\"wp-block-heading\"><b>O que visitar no Porto para f\u00e3s de design<\/b><\/h2>\n\n\n\n<h3 class=\"wp-block-heading\">Galerias de Arte em Miguel Bombarda<\/h3>\n\n\n\n<h5 class=\"wp-block-heading\">Rua de Miguel Bombarda | Porto<\/h5>\n\n\n\n<figure class=\"wp-block-image alignnone size-full wp-image-22073\"><img decoding=\"async\" src=\"\/wp-content\/uploads\/2020\/02\/mulher-visitando-galerias-arte-miguel-bombarda-porto-para-fas-design.jpg\" alt=\"mulher visitando galerias arte miguel bombarda porto para fas design\" class=\"wp-image-22073\"\/><figcaption>\u00a9 Agora Porto<\/figcaption><\/figure>\n\n\n\n<p><br>Um guia do Porto para f\u00e3s de design deve come\u00e7ar na Rua Miguel Bombarda, tamb\u00e9m conhecido como <em>quarteir\u00e3o art\u00edstico<\/em>, uma vez que aloja algumas das <a href=\"https:\/\/portoalities.com\/pt\/as-melhores-galerias-de-arte-no-porto\/\">galerias de arte<\/a> mais interessantes da cidade.<br>Existem muitas galerias de arte nesta rua do Porto para f\u00e3s de design, que est\u00e3o a uma curta dist\u00e2ncia umas das outras. Recomendo que reserve uma tarde para percorrer este quarteir\u00e3o e aproveitar tudo o que tem a oferecer, j\u00e1 que cada uma das galerias tem suas peculiaridades.<br>Por exemplo, a <a href=\"http:\/\/cruzescanhoto.com\/\" target=\"_blank\" rel=\"noreferrer noopener\">galeria Cruzes Canhoto<\/a> \u00e9 \u00fanica na Pen\u00ednsula Ib\u00e9rica, produzindo<em> art brut<\/em> e arte folcl\u00f3rica primitiva &#8211; de esculturas diab\u00f3licas a m\u00e1scaras tribais, a Cruzes Canhoto apresenta um novo mundo de arte marginal.<br>Seis vezes por ano decorrem as\u00a0inaugura\u00e7\u00f5es simult\u00e2neas em Miguel Bombarda, durante as quais, tal como o nome indica, s\u00e3o inauguradas novas exposi\u00e7\u00f5es em todas as galerias. As inaugura\u00e7\u00f5es s\u00e3o acompanhadas por anima\u00e7\u00e3o de rua, como apresenta\u00e7\u00f5es de dan\u00e7a, DJs e oficinas nas ruas. \u00c9 muito divertido (e gratuito).<br><em>Como chegar: as esta\u00e7\u00f5es de metro mais pr\u00f3ximas s\u00e3o a dos Aliados e a Carolina Michaelis, ambas a 15 minutos a p\u00e9. Tamb\u00e9m pode apanhar um autocarro (200, 201, 207, 208, 303, 501) e sair na paragem Pal\u00e1cio de Cristal.<\/em><\/p>\n\n\n\n<h3 class=\"wp-block-heading\">Mural por Joana Vasconcelos<\/h3>\n\n\n\n<h5 class=\"wp-block-heading\">Largo Moinho de Vento | Porto<\/h5>\n\n\n\n<figure class=\"wp-block-image alignnone size-full wp-image-22074\"><img decoding=\"async\" src=\"\/wp-content\/uploads\/2020\/02\/mural-joana-vasconcelos-azulejos-porto.jpeg\" alt=\"mural joana vasconcelos azulejos porto\" class=\"wp-image-22074\"\/><figcaption>\u00a9 Me and My Little Self<\/figcaption><\/figure>\n\n\n\n<p><br>Qualquer guia do Porto para f\u00e3s de design deve mencionar este mural vibrante.<br>Curiosamente, durante mais de um ano passeio por este mural sem me aperceber que era da autoria de Joana Vasconcelos, uma das artistas visuais mais reconhecidas em Portugal.<br>O mural multicolorido que ela criou faz parte da fachada do Steak&#8217;n Shake (um restaurante de comida americana) e foi inaugurado em 2017. Com vinte metros de comprimento e oito mil <a href=\"https:\/\/portoalities.com\/pt\/melhores-locais-apreciar-azulejos-porto\/\">azulejos<\/a> pintados, esse mural \u00e9 o maior obra p\u00fablica de Joana Vasconcelos.<br><em>Como chegar: O mural est\u00e1 perto da <a href=\"https:\/\/portoalities.com\/pt\/tudo-sobre-livraria-lello-porto\/\">Livraria Lello<\/a> e da Reitoria da Universidade do Porto. As esta\u00e7\u00f5es de metro mais pr\u00f3ximas s\u00e3o S\u00e3o Bento e Trindade. O mural fica a 15 minutos a p\u00e9.<\/em><\/p>\n\n\n\n<h3 class=\"wp-block-heading\"><a href=\"https:\/\/portoalities.com\/pt\/5-coisas-que-nao-sabes-sobre-casa-da-musica\/\">Casa da M\u00fasica<\/a><\/h3>\n\n\n\n<h5 class=\"wp-block-heading\">Avenida da Boavista, 604-610 | Porto<\/h5>\n\n\n\n<p><img loading=\"lazy\" decoding=\"async\" width=\"668\" height=\"446\" class=\"alignnone size-full wp-image-22080\" src=\"\/wp-content\/uploads\/2020\/02\/casa-musica-porto.jpg\" alt=\"casa musica porto\"><br>A Casa da M\u00fasica \u00e9 imperd\u00edvel no Porto para f\u00e3s de design, mas mais particularmente para quem aprecia <a href=\"https:\/\/portoalities.com\/pt\/arquitetura-contemporanea-edificios-descobrir-porto\/\">arquitetura contempor\u00e2nea<\/a>.<br>Esta sala de concertos foi projetada por Rem Koolhaas, um reputado arquiteto holand\u00eas, e foi inaugurada em 2005.<br>Os tours dentro da Casa da M\u00fasica decorrem \u00e0s 10h e 16h (hor\u00e1rios para as visitas em portugu\u00eas) e valem a pena. Caso contr\u00e1rio, basta verificar a <a href=\"https:\/\/www.casadamusica.com\/\" target=\"_blank\" rel=\"noreferrer noopener\">programa\u00e7\u00e3o da Casa da M\u00fasica<\/a>, escolher um concerto e aproveitar ao m\u00e1ximo a ac\u00fastica deste edif\u00edcio magn\u00edfico.<br><em>Como chegar: a esta\u00e7\u00e3o de metro mais pr\u00f3xima, tamb\u00e9m chamada Casa da M\u00fasica, fica a 5 minutos a p\u00e9.<\/em><\/p>\n\n\n\n<h3 class=\"wp-block-heading\">Museu de Arte Contempor\u00e2nea de Serralves<\/h3>\n\n\n\n<h5 class=\"wp-block-heading\">Rua Dom Jo\u00e3o de Castro, 210 | Porto<\/h5>\n\n\n\n<figure class=\"wp-block-image alignnone size-full wp-image-12319\"><img decoding=\"async\" src=\"\/wp-content\/uploads\/2017\/12\/fundacao-serralves-arquitetura-contemporanea-porto.png\" alt=\"fundacao serralves arquitetura contemporanea porto\" class=\"wp-image-12319\"\/><figcaption>\u00a9 Trevor Patt<\/figcaption><\/figure>\n\n\n\n<p><br>Nenhum guia do Porto para f\u00e3s de design estaria completo sem mencionar o Museu de Arte Contempor\u00e2nea de Serralves.<br>Projetado por <a href=\"https:\/\/portoalities.com\/pt\/10-obras-imperdiveis-de-siza-vieira-no-porto\/\">\u00c1lvaro Siza Vieira<\/a> e inaugurado em 1999, o Museu de Serralves \u00e9 considerado um dos mais importantes museus de arte contempor\u00e2nea de Portugal. L\u00e1 encontra v\u00e1rias cole\u00e7\u00f5es de arte contempor\u00e2nea, al\u00e9m de performances de m\u00fasica e dan\u00e7a.<br>Para al\u00e9m disso, Serralves organiza v\u00e1rios &#8220;festivais \u00e0 porta aberta&#8221;, nomeadamente o Serralves em Festa (72h de muita arte inteiramente gratuita) e o Serralves no Outono.<br>O bilhete para visitar o museu custa 12\u20ac.&nbsp;No entanto, Serralves extende-se por diversas \u00e1reas: o museu de arte contempor\u00e2nea, o parque de Serralves, o Treetop Walk e a Casa de Cinema Manoel de Oliveira. Se gostaria de visitar todas essas \u00e1reas, o bilhete custa 20\u20ac, o que pode ser um bocadinho caro para alguns.<br><em>Como chegar: o Museu de Serralves fica fora do centro do Porto. O melhor \u00e9 apanhar o metro at\u00e9 \u00e0 Casa da M\u00fasica e depois apanhar um autocarro at\u00e9 ao museu (201, 203, 503, 502, 504).<\/em><\/p>\n\n\n\n<h3 class=\"wp-block-heading\"><a href=\"https:\/\/portoalities.com\/pt\/disseram-me-que-a-rede-gigante-serve-para-apanhar-peixes-durante-um-tsunami-e-verdade\/\">An\u00e9mona<\/a><\/h3>\n\n\n\n<h5 class=\"wp-block-heading\">Pra\u00e7a da Cidade do Salvador | Matosinhos<\/h5>\n\n\n\n<figure class=\"wp-block-image alignnone size-full wp-image-22077\"><img decoding=\"async\" src=\"\/wp-content\/uploads\/2020\/02\/she-changes-escultura-porto-para-fas-design.jpg\" alt=\"she changes escultura porto para fas design\" class=\"wp-image-22077\"\/><figcaption>\u00a9 Joana Ferreira.<\/figcaption><\/figure>\n\n\n\n<p><br>\u201cShe Changes\u201d foi desenhado por <a href=\"https:\/\/www.echelman.com\/\" target=\"_blank\" rel=\"noreferrer noopener nofollow\">Janet Echelman<\/a> e \u00e9 uma homenagem \u00e0 comunidade piscat\u00f3ria de Matosinhos.<br>Com 50 metros de altura e 42 metros de di\u00e2metro, a estrutura foi apelidada de An\u00e9mona porque quando o vento sopra, as redes movem-se, imitando o movimento das an\u00e9monas.<br>Esta estrutura est\u00e1 localizada a 8km do Porto. No entanto, \u00e9 essencial mencion\u00e1-la em qualquer guia do Porto para f\u00e3s de design, pois tornou-se um s\u00edmbolo emblem\u00e1tico da regi\u00e3o.<br><em>Como chegar: apanhe o autocarro 500 (e faz a viagem pela marginal) ou ent\u00e3o v\u00e1 de metro at\u00e9 \u00e0 esta\u00e7\u00e3o Matosinhos Sul e fa\u00e7a o resto do caminho a p\u00e9.<\/em><\/p>\n\n\n\n<h2 class=\"wp-block-heading\">Melhores lojas no Porto para f\u00e3s de design<\/h2>\n\n\n\n<h3 class=\"wp-block-heading\"><a href=\"https:\/\/ogaleria.myshopify.com\/\" target=\"_blank\" rel=\"noreferrer noopener\">\u00d3! Galeria<\/a><\/h3>\n\n\n\n<h5 class=\"wp-block-heading\">Rua de Miguel Bombarda, 61 | Porto<\/h5>\n\n\n\n<p><img loading=\"lazy\" decoding=\"async\" width=\"668\" height=\"668\" class=\"alignnone size-full wp-image-22075\" src=\"\/wp-content\/uploads\/2020\/02\/o-galeria-galeria-design-ilustracao-porto..jpg\" alt=\"o galeria galeria design lustracao porto\"><br>\u00d3! Galeria \u00e9 <em>o<\/em> lugar no Porto para f\u00e3s de design, particularmente para aqueles que gostam de ilustra\u00e7\u00e3o. Nesta galeria de arte encontra ilustra\u00e7\u00f5es de artistas nacionais e internacionais, tais como a maravilhosa Marina Miser\u00e1vel, por isso \u00e9 um \u00f3ptimo lugar para comprar presentes f\u00e1ceis de carregar, <em>plastic free<\/em> (sou s\u00f3 eu a ter esta preocupa\u00e7\u00e3o?) e, ao mesmo tempo, apoiar artistas locais.<br><em>Como chegar: a \u00d3! Galeria fica a 15 minutos a p\u00e9 da esta\u00e7\u00e3o de metro da Lapa.<\/em><\/p>\n\n\n\n<h3 class=\"wp-block-heading\">Collectiva<\/h3>\n\n\n\n<h5 class=\"wp-block-heading\">Centro Comercial Miguel Bombarda | Porto<\/h5>\n\n\n\n<p><img loading=\"lazy\" decoding=\"async\" class=\"alignnone size-full wp-image-22070\" src=\"\/wp-content\/uploads\/2020\/02\/collectiva-loja-joalharia-contemporanea-porto.jpg\" alt=\"collectiva loja joalharia contemporanea porto\" width=\"668\" height=\"493\"><br>Se calhar at\u00e9 nem usa j\u00f3ias (eu pessoalmente n\u00e3o consigo), mas \u00e9 imposs\u00edvel resistir \u00e0 Collectiva. Esta loja \u00e9 uma plataforma para a promo\u00e7\u00e3o de joalharia contempor\u00e2nea, expondo e divulgando o trabalho de autores nacionais e internacionais.<br>Al\u00e9m disso, foi criada por oito joalheiras e designers &#8211; sim, todas mulheres, o que \u00e9 um factor de muito orgulho para mim pessoalmente. Fa\u00e7a um favor a si mesma e compre algumas j\u00f3ias contempor\u00e2neas portuguesas, n\u00e3o fica assim t\u00e3o caro e \u00e9 bem melhor do que usar a lixeira da Parfois.<br><em>Como chegar: a Collectiva fica a 15 minutos a p\u00e9 da esta\u00e7\u00e3o de metro Lapa.<\/em><\/p>\n\n\n\n<h3 class=\"wp-block-heading\">CRU Cowork<\/h3>\n\n\n\n<h5 class=\"wp-block-heading\">Rua do Ros\u00e1rio, 211 | Porto<\/h5>\n\n\n\n<p><img loading=\"lazy\" decoding=\"async\" width=\"668\" height=\"668\" class=\"alignnone size-full wp-image-22072\" src=\"\/wp-content\/uploads\/2020\/02\/jarro-contemporaneo-cru-cowork-porto.jpg\" alt=\"jarro contemporaneo cru cowork porto\"><br>O CRU Cowork foi inaugurado em 2012, sendo uma converg\u00eancia entre um espa\u00e7o de coworking (onde encontra designers do Porto a trabalhar nos seus novos projectos) e uma loja de produtos de design de artistas nacionais. Al\u00e9m disso, tamb\u00e9m organiza exposi\u00e7\u00f5es e oficinas de arte e design.<br>Se \u00e9 um amante do design e gostaria de comprar lembran\u00e7as contempor\u00e2neas no Porto, esta \u00e9 definitivamente a sua loja. A CRU Cowork vende uma ampla gama de produtos (j\u00f3ias, vestu\u00e1rio, ilustra\u00e7\u00f5es, etc) criados de acordo com as \u00faltimas tend\u00eancias da ind\u00fastria do design.<br><em>Como chegar: o CRU Cowork fica a 10 minutos a p\u00e9 da esta\u00e7\u00e3o de metro Aliados.<\/em><\/p>\n\n\n\n<h2 class=\"wp-block-heading\">Melhores hot\u00e9is no Porto para f\u00e3s de design<\/h2>\n\n\n\n<p>No meu blog encontra v\u00e1rios artigos sobre os <a href=\"https:\/\/portoalities.com\/pt\/category\/alojamento\/\">melhores lugares para ficar no Porto<\/a>. No entanto, aqui est\u00e3o alguns hot\u00e9is tem\u00e1ticos no Porto para f\u00e3s de design.<\/p>\n\n\n\n<h3 class=\"wp-block-heading\"><a href=\"https:\/\/www.booking.com\/hotel\/pt\/casa-do-conto.en.html?aid=1186505&amp;no_rooms=1&amp;group_adults=2&amp;label=porto-fas-design\" target=\"_blank\" rel=\"noreferrer noopener sponsored nofollow\">Casa do Conto<\/a><\/h3>\n\n\n\n<p><img loading=\"lazy\" decoding=\"async\" width=\"668\" height=\"610\" class=\"alignnone size-full wp-image-22069\" src=\"\/wp-content\/uploads\/2020\/02\/casa-conto-hotel-porto-para-fas-design.jpg\" alt=\"casa conto hotel porto para fas design\"><br>A constru\u00e7\u00e3o da <a href=\"https:\/\/www.booking.com\/hotel\/pt\/casa-do-conto.en.html?aid=1186505&amp;no_rooms=1&amp;group_adults=2&amp;label=porto-fas-design\" target=\"_blank\" rel=\"noreferrer noopener sponsored nofollow\">Casa do Conto<\/a>, um dos <a href=\"https:\/\/portoalities.com\/pt\/hoteis-boutique-porto\/\">melhores hot\u00e9is boutique do Porto<\/a>, come\u00e7ou em 2008. No entanto, um ano depois, um inc\u00eandio for\u00e7ou a restaura\u00e7\u00e3o desta casa burguesa do s\u00e9culo XIX a recome\u00e7ar do zero.<br>A Casa do Conto foi projetada pelo Atelier Pedra L\u00edquida &#8211; um atelier de arquitetura premiado, conhecido por restaurar edif\u00edcios antigos. Possui apenas seis <em>su\u00edtes<\/em> &#8211; todas em tons relaxantes de branco e cinza, com palavras gravadas no tecto.<br>Mais recentemente, este atelier abriu um novo boutique hotel no Porto, mais concretamente na Rua \u00c1lvares Cabral, que \u00e9 bel\u00edssimo. Eu fui \u00e0 inaugura\u00e7\u00e3o e posso-vos dizer que \u00e9 o hotel ideal no Porto para f\u00e3s de design.<\/p>\n\n\n\n<h3 class=\"wp-block-heading\"><a href=\"https:\/\/www.booking.com\/hotel\/pt\/armazem-luxury-housing.en.html?aid=1186505&amp;no_rooms=1&amp;group_adults=2&amp;label=porto-fas-design\" target=\"_blank\" rel=\"noreferrer noopener sponsored nofollow\">Armaz\u00e9m Luxury Housing &#8211; Architectural &amp; Design Hotel<\/a><\/h3>\n\n\n\n<p><img loading=\"lazy\" decoding=\"async\" width=\"668\" height=\"501\" class=\"alignnone size-full wp-image-22067\" src=\"\/wp-content\/uploads\/2020\/02\/armazem-luxury-housing-porto-detalhe-design-mobilia.jpg\" alt=\"armazem luxury housing porto detalhe design mobilia\"><br>A minha escolha de fotografia para este hotel no Porto para f\u00e3s de design pode parecer um pouco estranha mas \u00e9 totalmente intencional, pois mostra o n\u00edvel de intelig\u00eancia na utiliza\u00e7\u00e3o do espa\u00e7o e dos materiais do <a href=\"https:\/\/www.booking.com\/hotel\/pt\/armazem-luxury-housing.en.html?aid=1186505&amp;no_rooms=1&amp;group_adults=2&amp;label=porto-fas-design\" target=\"_blank\" rel=\"noreferrer noopener sponsored nofollow\">Armaz\u00e9m Luxury Housing- Architectural &amp; Design Hotel<\/a>.<br>Este hotel tem quartos e apartamentos privados \u00e0 sua disposi\u00e7\u00e3o, e este hotel tem o cuidado de proporcionar experi\u00eancias \u00fanicas aos seus h\u00f3spedes, como golfe, sess\u00f5es de yoga e massagens.<\/p>\n\n\n\n<h3 class=\"wp-block-heading\"><a href=\"https:\/\/www.booking.com\/hotel\/pt\/6only-guest-house.en.html?aid=1186505&amp;no_rooms=1&amp;group_adults=2&amp;label=porto-fas-design\" target=\"_blank\" rel=\"noreferrer noopener sponsored nofollow\">Cocorico Luxury Guest House<\/a><\/h3>\n\n\n\n<p><img loading=\"lazy\" decoding=\"async\" width=\"668\" height=\"451\" class=\"alignnone size-full wp-image-22068\" src=\"\/wp-content\/uploads\/2020\/02\/banheira-cocorico-luxury-guest-house-porto.jpg\" alt=\"banheira cocorico luxury guest house porto\"><br>Lembro-me perfeitamente da primeira vez que entrei no <a href=\"https:\/\/www.booking.com\/hotel\/pt\/6only-guest-house.en.html?aid=1186505&amp;no_rooms=1&amp;group_adults=2&amp;label=porto-fas-design\" target=\"_blank\" rel=\"noreferrer noopener sponsored nofollow\">Cocorico Luxury Guest House<\/a>, um dos <a href=\"https:\/\/portoalities.com\/pt\/os-melhores-hoteis-de-luxo-no-porto\/\">melhores hot\u00e9is de luxo do Porto<\/a>. A maneira como combina mob\u00edlia vintage com azulejos portugueses no piso, e a utiliza\u00e7\u00e3o inteligente de meias paredes de vidro para separar se\u00e7\u00f5es diferentes no mesmo quarto, impressionaram-me bastante.<br>Certamente n\u00e3o \u00e9 barato, mas o <a href=\"https:\/\/www.booking.com\/hotel\/pt\/6only-guest-house.en.html?aid=1186505&amp;no_rooms=1&amp;group_adults=2&amp;label=porto-fas-design\" target=\"_blank\" rel=\"noreferrer noopener sponsored nofollow\">Cocorico Luxury Guest House<\/a> \u00e9 um \u00f3ptimo hotel no Porto para f\u00e3s de design.<\/p>\n\n\n\n<h3 class=\"wp-block-heading\"><a href=\"https:\/\/www.booking.com\/hotel\/pt\/zero.en.html?aid=1186505&amp;no_rooms=1&amp;group_adults=2&amp;label=porto-fas-design\" target=\"_blank\" rel=\"noreferrer noopener sponsored nofollow\">Zero Lodge Box<\/a><\/h3>\n\n\n\n<p><img loading=\"lazy\" decoding=\"async\" width=\"668\" height=\"477\" class=\"alignnone size-full wp-image-22076\" src=\"\/wp-content\/uploads\/2020\/02\/quarto-duplo-zero-box-lodge-porto..jpg\" alt=\"quarto duplo zero box lodge porto.\"><br>Se tiver um or\u00e7amento limitado mas ficar num s\u00edtio com pinta, sugiro o <a href=\"https:\/\/www.booking.com\/hotel\/pt\/zero.en.html?aid=1186505&amp;no_rooms=1&amp;group_adults=2&amp;label=porto-fas-design\" target=\"_blank\" rel=\"nofollow noopener noreferrer\">Zero Lodge Box<\/a>. Este hotel no Porto de design despojado foi constru\u00eddo dentro de um antigo banco e a atmosfera \u00e9 muito descontra\u00edda. Todos os quartos s\u00e3o constru\u00eddos em caixas de madeira e incluem uma casa de banho privada.<br>N\u00e3o se esque\u00e7a de tomar um copo no bar do piso t\u00e9rreo &#8211; est\u00e3o longe de servir os melhores cocktails da cidade mas \u00e9 um lugar t\u00e3o agrad\u00e1vel que nem vai reparar nisso.<\/p>\n\n\n\n<h4 class=\"wp-block-heading\">Guarde este artigo para mais tarde:<\/h4>\n\n\n\n<div class=\"wp-block-columns is-layout-flex wp-container-core-columns-is-layout-9d6595d7 wp-block-columns-is-layout-flex\">\n<div class=\"wp-block-column is-layout-flow wp-block-column-is-layout-flow\">\n<figure class=\"wp-block-image size-large\"><img loading=\"lazy\" decoding=\"async\" width=\"325\" height=\"487\" src=\"http:\/\/portoalities.com\/wp-content\/uploads\/2020\/02\/porto-para-fas-de-design-pinterest.jpg\" alt=\"porto para fas design \" class=\"wp-image-37497\" srcset=\"https:\/\/portoalities.com\/wp-content\/uploads\/2020\/02\/porto-para-fas-de-design-pinterest.jpg 325w, https:\/\/portoalities.com\/wp-content\/uploads\/2020\/02\/porto-para-fas-de-design-pinterest-200x300.jpg 200w\" sizes=\"auto, (max-width: 325px) 100vw, 325px\" \/><\/figure>\n<\/div>\n\n\n\n<div class=\"wp-block-column is-layout-flow wp-block-column-is-layout-flow\">\n<figure class=\"wp-block-image size-large\"><img loading=\"lazy\" decoding=\"async\" width=\"325\" height=\"487\" src=\"http:\/\/portoalities.com\/wp-content\/uploads\/2020\/02\/guia-porto-amantes-design.jpg\" alt=\"guia porto amantes design\" class=\"wp-image-37431\" srcset=\"https:\/\/portoalities.com\/wp-content\/uploads\/2020\/02\/guia-porto-amantes-design.jpg 325w, https:\/\/portoalities.com\/wp-content\/uploads\/2020\/02\/guia-porto-amantes-design-200x300.jpg 200w\" sizes=\"auto, (max-width: 325px) 100vw, 325px\" \/><\/figure>\n<\/div>\n<\/div>\n","protected":false},"excerpt":{"rendered":"<p>O Porto tendo vindo a presenciar uma mudan\u00e7a significativa no que toca a design.Nos \u00faltimos anos, imensos edif\u00edcios em decomposi\u00e7\u00e3o\u2026<\/p>\n","protected":false},"author":3,"featured_media":111354,"comment_status":"closed","ping_status":"closed","sticky":false,"template":"","format":"standard","meta":{"footnotes":""},"categories":[90],"tags":[5537,5538,5595],"class_list":["post-111353","post","type-post","status-publish","format-standard","has-post-thumbnail","hentry","category-atracoes_turisticas","tag-arquitectura-pt","tag-arquitetura-pt","tag-design-pt"],"yoast_head":"<!-- This site is optimized with the Yoast SEO plugin v27.2 - https:\/\/yoast.com\/product\/yoast-seo-wordpress\/ -->\n<title>Porto para f\u00e3s de design: um guia para explorar a cidade | Blog Portoalities: Travel blog and Private tours in Porto and Douro Valley<\/title>\n<meta name=\"description\" content=\"Guia do Porto para f\u00e3s de design - as melhores galerias de arte, hot\u00e9is art\u00edsticos e lojas incr\u00edveis para comprar artesanato contempor\u00e2neo.\" \/>\n<meta name=\"robots\" content=\"index, follow, max-snippet:-1, max-image-preview:large, max-video-preview:-1\" \/>\n<link rel=\"canonical\" href=\"https:\/\/portoalities.com\/en\/porto-for-design-lovers\/\" \/>\n<meta property=\"og:locale\" content=\"pt_PT\" \/>\n<meta property=\"og:type\" content=\"article\" \/>\n<meta property=\"og:title\" content=\"Porto para f\u00e3s de design: um guia para explorar a cidade | Blog Portoalities: Travel blog and Private tours in Porto and Douro Valley\" \/>\n<meta property=\"og:description\" content=\"Guia do Porto para f\u00e3s de design - as melhores galerias de arte, hot\u00e9is art\u00edsticos e lojas incr\u00edveis para comprar artesanato contempor\u00e2neo.\" \/>\n<meta property=\"og:url\" content=\"https:\/\/portoalities.com\/en\/porto-for-design-lovers\/\" \/>\n<meta property=\"og:site_name\" content=\"Portoalities: Travel blog and Private tours in Porto and Douro Valley\" \/>\n<meta property=\"article:published_time\" content=\"2024-03-12T20:25:02+00:00\" \/>\n<meta property=\"og:image\" content=\"https:\/\/portoalities.com\/wp-content\/uploads\/2020\/02\/guia-porto-amantes-design-1.jpg\" \/>\n\t<meta property=\"og:image:width\" content=\"1440\" \/>\n\t<meta property=\"og:image:height\" content=\"700\" \/>\n\t<meta property=\"og:image:type\" content=\"image\/jpeg\" \/>\n<meta name=\"author\" content=\"Sara Riobom\" \/>\n<meta name=\"twitter:card\" content=\"summary_large_image\" \/>\n<meta name=\"twitter:label1\" content=\"Escrito por\" \/>\n\t<meta name=\"twitter:data1\" content=\"Sara Riobom\" \/>\n\t<meta name=\"twitter:label2\" content=\"Tempo estimado de leitura\" \/>\n\t<meta name=\"twitter:data2\" content=\"10 minutos\" \/>\n<script type=\"application\/ld+json\" class=\"yoast-schema-graph\">{\"@context\":\"https:\/\/schema.org\",\"@graph\":[{\"@type\":\"Article\",\"@id\":\"https:\/\/portoalities.com\/en\/porto-for-design-lovers\/#article\",\"isPartOf\":{\"@id\":\"https:\/\/portoalities.com\/en\/porto-for-design-lovers\/\"},\"author\":{\"name\":\"Sara Riobom\",\"@id\":\"https:\/\/portoalities.com\/en\/#\/schema\/person\/86e9ed8d9d1bb211cc9bf16ab54c5c0d\"},\"headline\":\"Guia do Porto para f\u00e3s de design\",\"datePublished\":\"2024-03-12T20:25:02+00:00\",\"mainEntityOfPage\":{\"@id\":\"https:\/\/portoalities.com\/en\/porto-for-design-lovers\/\"},\"wordCount\":1706,\"image\":{\"@id\":\"https:\/\/portoalities.com\/en\/porto-for-design-lovers\/#primaryimage\"},\"thumbnailUrl\":\"https:\/\/portoalities.com\/wp-content\/uploads\/2020\/02\/guia-porto-amantes-design-1.jpg\",\"keywords\":[\"arquitectura\",\"arquitetura\",\"design\"],\"articleSection\":[\"Atra\u00e7\u00f5es tur\u00edsticas\"],\"inLanguage\":\"pt-PT\"},{\"@type\":\"WebPage\",\"@id\":\"https:\/\/portoalities.com\/en\/porto-for-design-lovers\/\",\"url\":\"https:\/\/portoalities.com\/en\/porto-for-design-lovers\/\",\"name\":\"Porto para f\u00e3s de design: um guia para explorar a cidade | Blog Portoalities: Travel blog and Private tours in Porto and Douro Valley\",\"isPartOf\":{\"@id\":\"https:\/\/portoalities.com\/en\/#website\"},\"primaryImageOfPage\":{\"@id\":\"https:\/\/portoalities.com\/en\/porto-for-design-lovers\/#primaryimage\"},\"image\":{\"@id\":\"https:\/\/portoalities.com\/en\/porto-for-design-lovers\/#primaryimage\"},\"thumbnailUrl\":\"https:\/\/portoalities.com\/wp-content\/uploads\/2020\/02\/guia-porto-amantes-design-1.jpg\",\"datePublished\":\"2024-03-12T20:25:02+00:00\",\"author\":{\"@id\":\"https:\/\/portoalities.com\/en\/#\/schema\/person\/86e9ed8d9d1bb211cc9bf16ab54c5c0d\"},\"description\":\"Guia do Porto para f\u00e3s de design - as melhores galerias de arte, hot\u00e9is art\u00edsticos e lojas incr\u00edveis para comprar artesanato contempor\u00e2neo.\",\"breadcrumb\":{\"@id\":\"https:\/\/portoalities.com\/en\/porto-for-design-lovers\/#breadcrumb\"},\"inLanguage\":\"pt-PT\",\"potentialAction\":[{\"@type\":\"ReadAction\",\"target\":[\"https:\/\/portoalities.com\/en\/porto-for-design-lovers\/\"]}]},{\"@type\":\"ImageObject\",\"inLanguage\":\"pt-PT\",\"@id\":\"https:\/\/portoalities.com\/en\/porto-for-design-lovers\/#primaryimage\",\"url\":\"https:\/\/portoalities.com\/wp-content\/uploads\/2020\/02\/guia-porto-amantes-design-1.jpg\",\"contentUrl\":\"https:\/\/portoalities.com\/wp-content\/uploads\/2020\/02\/guia-porto-amantes-design-1.jpg\",\"width\":1440,\"height\":700},{\"@type\":\"BreadcrumbList\",\"@id\":\"https:\/\/portoalities.com\/en\/porto-for-design-lovers\/#breadcrumb\",\"itemListElement\":[{\"@type\":\"ListItem\",\"position\":1,\"name\":\"Home\",\"item\":\"https:\/\/portoalities.com\/pt\/\"},{\"@type\":\"ListItem\",\"position\":2,\"name\":\"Guia do Porto para f\u00e3s de design\"}]},{\"@type\":\"WebSite\",\"@id\":\"https:\/\/portoalities.com\/en\/#website\",\"url\":\"https:\/\/portoalities.com\/en\/\",\"name\":\"Portoalities: Travel blog and Private tours in Porto and Douro Valley\",\"description\":\"\",\"potentialAction\":[{\"@type\":\"SearchAction\",\"target\":{\"@type\":\"EntryPoint\",\"urlTemplate\":\"https:\/\/portoalities.com\/en\/?s={search_term_string}\"},\"query-input\":{\"@type\":\"PropertyValueSpecification\",\"valueRequired\":true,\"valueName\":\"search_term_string\"}}],\"inLanguage\":\"pt-PT\"},{\"@type\":\"Person\",\"@id\":\"https:\/\/portoalities.com\/en\/#\/schema\/person\/86e9ed8d9d1bb211cc9bf16ab54c5c0d\",\"name\":\"Sara Riobom\",\"image\":{\"@type\":\"ImageObject\",\"inLanguage\":\"pt-PT\",\"@id\":\"https:\/\/secure.gravatar.com\/avatar\/21142310e9611a432e3b525f3a98f5c0539be889e67ec3fb511c335b41fb3c6a?s=96&d=mm&r=g\",\"url\":\"https:\/\/secure.gravatar.com\/avatar\/21142310e9611a432e3b525f3a98f5c0539be889e67ec3fb511c335b41fb3c6a?s=96&d=mm&r=g\",\"contentUrl\":\"https:\/\/secure.gravatar.com\/avatar\/21142310e9611a432e3b525f3a98f5c0539be889e67ec3fb511c335b41fb3c6a?s=96&d=mm&r=g\",\"caption\":\"Sara Riobom\"},\"url\":\"https:\/\/portoalities.com\/pt\/author\/admin\/\"}]}<\/script>\n<!-- \/ Yoast SEO plugin. -->","yoast_head_json":{"title":"Porto para f\u00e3s de design: um guia para explorar a cidade | Blog Portoalities: Travel blog and Private tours in Porto and Douro Valley","description":"Guia do Porto para f\u00e3s de design - as melhores galerias de arte, hot\u00e9is art\u00edsticos e lojas incr\u00edveis para comprar artesanato contempor\u00e2neo.","robots":{"index":"index","follow":"follow","max-snippet":"max-snippet:-1","max-image-preview":"max-image-preview:large","max-video-preview":"max-video-preview:-1"},"canonical":"https:\/\/portoalities.com\/en\/porto-for-design-lovers\/","og_locale":"pt_PT","og_type":"article","og_title":"Porto para f\u00e3s de design: um guia para explorar a cidade | Blog Portoalities: Travel blog and Private tours in Porto and Douro Valley","og_description":"Guia do Porto para f\u00e3s de design - as melhores galerias de arte, hot\u00e9is art\u00edsticos e lojas incr\u00edveis para comprar artesanato contempor\u00e2neo.","og_url":"https:\/\/portoalities.com\/en\/porto-for-design-lovers\/","og_site_name":"Portoalities: Travel blog and Private tours in Porto and Douro Valley","article_published_time":"2024-03-12T20:25:02+00:00","og_image":[{"width":1440,"height":700,"url":"https:\/\/portoalities.com\/wp-content\/uploads\/2020\/02\/guia-porto-amantes-design-1.jpg","type":"image\/jpeg"}],"author":"Sara Riobom","twitter_card":"summary_large_image","twitter_misc":{"Escrito por":"Sara Riobom","Tempo estimado de leitura":"10 minutos"},"schema":{"@context":"https:\/\/schema.org","@graph":[{"@type":"Article","@id":"https:\/\/portoalities.com\/en\/porto-for-design-lovers\/#article","isPartOf":{"@id":"https:\/\/portoalities.com\/en\/porto-for-design-lovers\/"},"author":{"name":"Sara Riobom","@id":"https:\/\/portoalities.com\/en\/#\/schema\/person\/86e9ed8d9d1bb211cc9bf16ab54c5c0d"},"headline":"Guia do Porto para f\u00e3s de design","datePublished":"2024-03-12T20:25:02+00:00","mainEntityOfPage":{"@id":"https:\/\/portoalities.com\/en\/porto-for-design-lovers\/"},"wordCount":1706,"image":{"@id":"https:\/\/portoalities.com\/en\/porto-for-design-lovers\/#primaryimage"},"thumbnailUrl":"https:\/\/portoalities.com\/wp-content\/uploads\/2020\/02\/guia-porto-amantes-design-1.jpg","keywords":["arquitectura","arquitetura","design"],"articleSection":["Atra\u00e7\u00f5es tur\u00edsticas"],"inLanguage":"pt-PT"},{"@type":"WebPage","@id":"https:\/\/portoalities.com\/en\/porto-for-design-lovers\/","url":"https:\/\/portoalities.com\/en\/porto-for-design-lovers\/","name":"Porto para f\u00e3s de design: um guia para explorar a cidade | Blog Portoalities: Travel blog and Private tours in Porto and Douro Valley","isPartOf":{"@id":"https:\/\/portoalities.com\/en\/#website"},"primaryImageOfPage":{"@id":"https:\/\/portoalities.com\/en\/porto-for-design-lovers\/#primaryimage"},"image":{"@id":"https:\/\/portoalities.com\/en\/porto-for-design-lovers\/#primaryimage"},"thumbnailUrl":"https:\/\/portoalities.com\/wp-content\/uploads\/2020\/02\/guia-porto-amantes-design-1.jpg","datePublished":"2024-03-12T20:25:02+00:00","author":{"@id":"https:\/\/portoalities.com\/en\/#\/schema\/person\/86e9ed8d9d1bb211cc9bf16ab54c5c0d"},"description":"Guia do Porto para f\u00e3s de design - as melhores galerias de arte, hot\u00e9is art\u00edsticos e lojas incr\u00edveis para comprar artesanato contempor\u00e2neo.","breadcrumb":{"@id":"https:\/\/portoalities.com\/en\/porto-for-design-lovers\/#breadcrumb"},"inLanguage":"pt-PT","potentialAction":[{"@type":"ReadAction","target":["https:\/\/portoalities.com\/en\/porto-for-design-lovers\/"]}]},{"@type":"ImageObject","inLanguage":"pt-PT","@id":"https:\/\/portoalities.com\/en\/porto-for-design-lovers\/#primaryimage","url":"https:\/\/portoalities.com\/wp-content\/uploads\/2020\/02\/guia-porto-amantes-design-1.jpg","contentUrl":"https:\/\/portoalities.com\/wp-content\/uploads\/2020\/02\/guia-porto-amantes-design-1.jpg","width":1440,"height":700},{"@type":"BreadcrumbList","@id":"https:\/\/portoalities.com\/en\/porto-for-design-lovers\/#breadcrumb","itemListElement":[{"@type":"ListItem","position":1,"name":"Home","item":"https:\/\/portoalities.com\/pt\/"},{"@type":"ListItem","position":2,"name":"Guia do Porto para f\u00e3s de design"}]},{"@type":"WebSite","@id":"https:\/\/portoalities.com\/en\/#website","url":"https:\/\/portoalities.com\/en\/","name":"Portoalities: Travel blog and Private tours in Porto and Douro Valley","description":"","potentialAction":[{"@type":"SearchAction","target":{"@type":"EntryPoint","urlTemplate":"https:\/\/portoalities.com\/en\/?s={search_term_string}"},"query-input":{"@type":"PropertyValueSpecification","valueRequired":true,"valueName":"search_term_string"}}],"inLanguage":"pt-PT"},{"@type":"Person","@id":"https:\/\/portoalities.com\/en\/#\/schema\/person\/86e9ed8d9d1bb211cc9bf16ab54c5c0d","name":"Sara Riobom","image":{"@type":"ImageObject","inLanguage":"pt-PT","@id":"https:\/\/secure.gravatar.com\/avatar\/21142310e9611a432e3b525f3a98f5c0539be889e67ec3fb511c335b41fb3c6a?s=96&d=mm&r=g","url":"https:\/\/secure.gravatar.com\/avatar\/21142310e9611a432e3b525f3a98f5c0539be889e67ec3fb511c335b41fb3c6a?s=96&d=mm&r=g","contentUrl":"https:\/\/secure.gravatar.com\/avatar\/21142310e9611a432e3b525f3a98f5c0539be889e67ec3fb511c335b41fb3c6a?s=96&d=mm&r=g","caption":"Sara Riobom"},"url":"https:\/\/portoalities.com\/pt\/author\/admin\/"}]}},"_links":{"self":[{"href":"https:\/\/portoalities.com\/pt\/wp-json\/wp\/v2\/posts\/111353","targetHints":{"allow":["GET"]}}],"collection":[{"href":"https:\/\/portoalities.com\/pt\/wp-json\/wp\/v2\/posts"}],"about":[{"href":"https:\/\/portoalities.com\/pt\/wp-json\/wp\/v2\/types\/post"}],"author":[{"embeddable":true,"href":"https:\/\/portoalities.com\/pt\/wp-json\/wp\/v2\/users\/3"}],"replies":[{"embeddable":true,"href":"https:\/\/portoalities.com\/pt\/wp-json\/wp\/v2\/comments?post=111353"}],"version-history":[{"count":0,"href":"https:\/\/portoalities.com\/pt\/wp-json\/wp\/v2\/posts\/111353\/revisions"}],"wp:featuredmedia":[{"embeddable":true,"href":"https:\/\/portoalities.com\/pt\/wp-json\/wp\/v2\/media\/111354"}],"wp:attachment":[{"href":"https:\/\/portoalities.com\/pt\/wp-json\/wp\/v2\/media?parent=111353"}],"wp:term":[{"taxonomy":"category","embeddable":true,"href":"https:\/\/portoalities.com\/pt\/wp-json\/wp\/v2\/categories?post=111353"},{"taxonomy":"post_tag","embeddable":true,"href":"https:\/\/portoalities.com\/pt\/wp-json\/wp\/v2\/tags?post=111353"}],"curies":[{"name":"wp","href":"https:\/\/api.w.org\/{rel}","templated":true}]}}