{"id":111360,"date":"2020-02-13T18:34:05","date_gmt":"2020-02-13T18:34:05","guid":{"rendered":"https:\/\/portoalities.com\/guia-essencial-sobre-se-do-porto\/"},"modified":"2023-10-31T10:33:16","modified_gmt":"2023-10-31T10:33:16","slug":"guia-essencial-sobre-se-do-porto","status":"publish","type":"post","link":"https:\/\/portoalities.com\/pt\/guia-essencial-sobre-se-do-porto\/","title":{"rendered":"Guia essencial sobre a S\u00e9 do Porto"},"content":{"rendered":"\n<p>A S\u00e9 do Porto \u00e9 um dos primeiros monumentos que nos vem \u00e0 cabe\u00e7a quando pensamos nas <a href=\"https:\/\/portoalities.com\/pt\/o-que-fazer-porto\/\">melhores coisas para fazer no Porto<\/a>. Por isso, decidi escrever este guia sobre a S\u00e9 do Porto na esperan\u00e7a de que vos seja \u00fatil. <\/p>\n\n\n\n<p>Se n\u00e3o tiverem tempo de ler o artigo todo, fiquem a saber que a entrada custa 3\u20ac e que podem adquirir o vosso <a href=\"https:\/\/www.tiqets.com\/pt\/atracoes-porto-c76573\/bilhetes-para-se-catedral-do-porto-p1014937?partner=portoalities_unipessoal_lda&amp;tq_campaign=se-porto\" target=\"_blank\" rel=\"noreferrer noopener sponsored nofollow\">bilhete online para a catedral do Porto<\/a>, poupando assim imenso tempo de espera.<\/p>\n\n\n\n<h2 class=\"wp-block-heading\">Informa\u00e7\u00f5es \u00fateis sobre a S\u00e9 do Porto<\/h2>\n\n\n\n<h3 class=\"wp-block-heading\">Hor\u00e1rios<\/h3>\n\n\n\n<p>A catedral do Porto est\u00e1 aberta para visitas durante o seguinte hor\u00e1rio:<br>\u2022 Ver\u00e3o (abril a outubro): 9h &#8211; 18h30<br>\u2022 Inverno (novembro a mar\u00e7o): 9h &#8211; 17h30<br>\u2022 Dias de encerramento: Natal e P\u00e1scoa<\/p>\n\n\n\n<h3 class=\"wp-block-heading\">Pre\u00e7o dos bilhetes<\/h3>\n\n\n\n<p>Actualmente, o bilhete para a catedral do Porto \u00e9 de 3\u20ac e pode visitar a igreja em si, os claustros, o museu e a torre. Tamb\u00e9m pode adquirir o seu <a href=\"https:\/\/www.tiqets.com\/pt\/atracoes-porto-c76573\/bilhetes-para-se-catedral-do-porto-p1014937?partner=portoalities_unipessoal_lda&amp;tq_campaign=se-porto\" target=\"_blank\" rel=\"noreferrer noopener\">bilhete online para a catedral do Porto<\/a>, poupando assim imenso tempo de espera nas filas de aquisi\u00e7\u00e3o de bilhete.<\/p>\n\n\n\n<h3 class=\"wp-block-heading\">Posso assistir \u00e0 missa?<\/h3>\n\n\n\n<p>Pode assistir \u00e0 missa dominical e ferial todos os dias \u00e0s 11h.<\/p>\n\n\n\n<h3 class=\"wp-block-heading\">Qual o vestu\u00e1rio apropriado para a s\u00e9 do Porto?<\/h3>\n\n\n\n<p>N\u00e3o existe um c\u00f3digo de vestu\u00e1rio espec\u00edfico para visitar a s\u00e9 do Porto ou para assistir \u00e0 missa, mas aplicam-se algumas regras de senso comum: ningu\u00e9m entra de cal\u00e7\u00f5es curtos e chinelos nos monumentos religiosos mais importantes de qualquer cidade em todo o mundo, e no Porto n\u00e3o \u00e9 excep\u00e7\u00e3o!<br>No entanto, \u00e9 perfeitamente aceit\u00e1vel mostrar os ombros, bra\u00e7os e pernas com um pouco de mod\u00e9stia.<\/p>\n\n\n\n<h2 class=\"wp-block-heading\">A hist\u00f3ria da S\u00e9 do Porto<\/h2>\n\n\n\n<h5 class=\"wp-block-heading\">(preparem-se para um banho de hist\u00f3ria)<\/h5>\n\n\n\n<figure class=\"wp-block-image alignnone size-full wp-image-25489\"><img decoding=\"async\" src=\"\/wp-content\/uploads\/2020\/02\/fachada-principal-se.jpg\" alt=\"fachada principal se\" class=\"wp-image-25489\"\/><figcaption class=\"wp-element-caption\">\u00a9 Aranmanoth<\/figcaption><\/figure>\n\n\n\n<p>\u00c9 imposs\u00edvel dissociar a S\u00e9 do Porto da hist\u00f3ria da cidade.<br>No in\u00edcio do s\u00e9culo XII a diocese do Porto estava unida \u00e0 diocese de Braga, uma cidade mais a norte. A chegada do poderoso bispo D. Hugo, vindo de Fran\u00e7a, viria a mudar a situa\u00e7\u00e3o. A rainha D. Teresa, m\u00e3e do futuro rei de Portugal D. Afonso Henriques, doou o burgo portucalense \u00e0 diocese bem como uma elevada soma monet\u00e1ria, e com esses fundos D. Hugo mandou erigir uma muralha defensiva e a constru\u00e7\u00e3o da catedral do Porto no local de uma antiga ermida. N\u00e3o \u00e9 por acaso que, aqui h\u00e1 uns anos, encontraram, debaixo da escadaria principal, uns t\u00famulos datados do s\u00e9culo IX.<br>A constru\u00e7\u00e3o da S\u00e9 do Porto continuou com o patroc\u00ednio de D. Afonso Henriques. D. Afonso, nessa altura apenas rei do condado portucalense, sabia que teria de agradar \u00e0 Igreja Cat\u00f3lica para conseguir criar o reino de Portugal (nessa altura, a Igreja era a \u00fanica entidade capaz de outorgar a cria\u00e7\u00e3o de novos reinos). Por isso, procedeu ao financiamento de v\u00e1rias catedrais e igrejas em Portugal, do qual o exemplo mais not\u00e1vel \u00e9 a S\u00e9 do Porto.<br>A S\u00e9 do Porto haveria de sofrer v\u00e1rias interven\u00e7\u00f5es ao longo do s\u00e9culo, consoante a necessidade de renova\u00e7\u00e3o e os estilos arquitect\u00f3nicos em voga em cada \u00e9poca.<br>Durante o s\u00e9culo XIV, durante o per\u00edodo g\u00f3tico, foi constru\u00eddo o famoso claustro g\u00f3tico, constitu\u00eddo por dezasseis arcos suportados por centenas de colunas decoradas com motivos vegetais.<br>No s\u00e9culo XIV, durante o per\u00edodo g\u00f3tico, o Porto j\u00e1 era um importante centro comercial, dada a sua localiza\u00e7\u00e3o estrat\u00e9gica nas proximidades do rio Douro. No entanto, apesar de suas imponentes muralhas medievais da cidade e da opul\u00eancia de suas igrejas, o Porto s\u00f3 conseguiu verdadeiramente alcan\u00e7ar o prest\u00edgio de outras cidades europeias quando adquiriu as rel\u00edquias dos santos que possu\u00eda.<br>Felizmente, em 1492, as rel\u00edquias de S\u00e3o Pantale\u00e3o chegaram \u00e0 cidade (existem algumas lendas obscuras sobre essa chegada, que teremos o prazer de partilhar consigo num tour privado) e foram colocadas na S\u00e9 do Porto, tendo esse santo sido aclamado como santo padroeiro de a cidade.<br>No entanto, o atual santo padroeiro da cidade n\u00e3o \u00e9 nem S\u00e3o Pantale\u00e3o, nem S\u00e3o Jo\u00e3o (ao contr\u00e1rio do que muitas pessoas pensam) mas sim&#8230; Nossa Senhora da Vandoma. Quem diria que seria uma mulher a comandar as hostes c\u00e1 no Porto?!<br>Voc\u00eas podem ver a est\u00e1tua dela dentro da S\u00e9 do Porto, do lado esquerdo, mesmo ao lado de um lind\u00edssimo altar de prata (falarei dele noutra altura, d\u00e1 panos para mangas!).<br>No s\u00e9culo XVIII a S\u00e9 foi profundamente alterada, com o advento da arquitetura barroca, pelas m\u00e3os do arquiteto italiano Nicolau Nasoni. Este arquiteto chega ao Porto em 1725 para pintar alguns frescos na sacristia da catedral acabando por ficar a viver na cidade, tendo um impacto profundo na est\u00e9tica da cidade. Tamb\u00e9m da sua autoria s\u00e3o os azulejos que embelezam o claustro g\u00f3tico da S\u00e9 do Porto bem como a sua galil\u00e9 lateral, constru\u00edda em 1736.<br><img loading=\"lazy\" decoding=\"async\" width=\"668\" height=\"434\" class=\"alignnone size-full wp-image-22029\" src=\"\/wp-content\/uploads\/2020\/02\/antiga-fotografia-bairro-se-porto-1.jpg\" alt=\"antiga fotografia bairro se porto\"><\/p>\n\n\n\n<figure class=\"wp-block-image alignnone size-full wp-image-22030\"><img decoding=\"async\" src=\"\/wp-content\/uploads\/2020\/02\/fotografia-atual-bairro-se-porto-1.jpg\" alt=\"fotografia atual bairro se porto\" class=\"wp-image-22030\"\/><figcaption class=\"wp-element-caption\">Fotografia actual VS Fotografia antiga do bairro da S\u00e9, antes das demoli\u00e7\u00f5es dos edif\u00edcios circundantes. Conseguem perceber a diferen\u00e7a?!<\/figcaption><\/figure>\n\n\n\n<p>J\u00e1 nos anos 30 do s\u00e9culo XX a zona da S\u00e9 (o nome que damos ao bairro circundante \u00e0 pr\u00f3pria catedral) sofre uma altera\u00e7\u00e3o profund\u00edssima \u00e0s m\u00e3os da Direc\u00e7\u00e3o Geral dos Edif\u00edcios e Monumentos Nacionais, rasgando o adro que nos permite ver a S\u00e9 do Porto mas tamb\u00e9m destruindo grande parte dos edif\u00edcios que l\u00e1 se encontrava.<br>Pelo caminho descobriram algumas surpresas, mas isso s\u00e3o hist\u00f3rias e segredos que ficam para contar durante os nossos tours privados no Porto \ud83d\ude42<\/p>\n\n\n\n<h2 class=\"wp-block-heading\">Estilos arquitet\u00f3nicos da S\u00e9 do Porto<\/h2>\n\n\n\n<p>A s\u00e9 do Porto combina v\u00e1rios estilos arquitet\u00f4nicos diferentes, principalmente o estilo rom\u00e2nico (s\u00e9culo XII), g\u00f3tico (s\u00e9culo XIV) e barroco (s\u00e9culo XVIII). \u00c9 extraordin\u00e1rio pensar que estamos a observar um edif\u00edcio que n\u00e3o s\u00f3 cruzou a hist\u00f3ria de milhares de pessoas mas que \u00e9, em si mesmo, um cruzamento da hist\u00f3ria e arquitetura de Portugal, n\u00e3o \u00e9?<\/p>\n\n\n\n<figure class=\"wp-block-image alignnone wp-image-22031 size-full\"><img decoding=\"async\" src=\"\/wp-content\/uploads\/2020\/02\/claustros-goticos-se-porto-1.png\" alt=\"claustros goticos se porto\" class=\"wp-image-22031\"\/><figcaption class=\"wp-element-caption\">\u00a9 Vila Nova Online<\/figcaption><\/figure>\n\n\n\n<p>Estas s\u00e3o as estilos arquitect\u00f3nicos mais relevantes:<br><br>\u2022 Rom\u00e2nico: a forma geom\u00e9trica desta catedral fortificada, que \u00e9 muito evidente na enorme espessura das suas paredes, com poucas &#8211; e relativamente pequenas &#8211; aberturas.<br><br>\u2022 G\u00f3tico: o claustro g\u00f3tico come\u00e7ou a ser constru\u00eddo no final do s\u00e9culo XIV, durante o reinado do rei Jo\u00e3o I, de quem falamos durante os nossos tours judaicos no Porto. Tamb\u00e9m durante essa altura foi acrescentada a capela funer\u00e1ria g\u00f3tica do cavaleiro Jo\u00e3o Gordo.<br><br>\u2022 Barroco: as interven\u00e7\u00f5es arquitect\u00f3nicas mais importantes da s\u00e9 do Porto ocorreram durante o s\u00e9culo XVIII, quando o arquitecto italiano Nicolau Nasoni chega ao Porto.<br>A sua mestria transformou a nossa catedral atrav\u00e9s dos frescos que pintou na sacristia e nos janel\u00f5es \u00e0 volta do altar principal e dos belos azulejos que decoram n\u00e3o apenas o claustro g\u00f3tico mas tamb\u00e9m a galeria lateral que foi adicionada durante esse mesmo per\u00edodo. Al\u00e9m disso, o magn\u00edfico ret\u00e1bulo de prata colocado no lado esquerdo \u00e9 uma obra-prima barroca que encerra alguns dos segredos mais fabulosos da catedral.<\/p>\n\n\n\n<h4 class=\"wp-block-heading\">Guarde este artigo para mais tarde:<\/h4>\n\n\n\n<div class=\"wp-block-columns is-layout-flex wp-container-core-columns-is-layout-9d6595d7 wp-block-columns-is-layout-flex\">\n<div class=\"wp-block-column is-layout-flow wp-block-column-is-layout-flow\">\n<figure class=\"wp-block-image size-large\"><img loading=\"lazy\" decoding=\"async\" width=\"325\" height=\"487\" src=\"http:\/\/portoalities.com\/wp-content\/uploads\/2020\/02\/como-visitar-catedral-porto-portugal.jpg\" alt=\"como visitar catedral porto portugal\" class=\"wp-image-37394\" srcset=\"https:\/\/portoalities.com\/wp-content\/uploads\/2020\/02\/como-visitar-catedral-porto-portugal.jpg 325w, https:\/\/portoalities.com\/wp-content\/uploads\/2020\/02\/como-visitar-catedral-porto-portugal-200x300.jpg 200w\" sizes=\"auto, (max-width: 325px) 100vw, 325px\" \/><\/figure>\n<\/div>\n\n\n\n<div class=\"wp-block-column is-layout-flow wp-block-column-is-layout-flow\">\n<figure class=\"wp-block-image size-large\"><img loading=\"lazy\" decoding=\"async\" width=\"325\" height=\"487\" src=\"http:\/\/portoalities.com\/wp-content\/uploads\/2020\/02\/tudo-sobre-catedral-porto-portugal.jpg\" alt=\"tudo sobre catedral porto portugal\" class=\"wp-image-37555\" srcset=\"https:\/\/portoalities.com\/wp-content\/uploads\/2020\/02\/tudo-sobre-catedral-porto-portugal.jpg 325w, https:\/\/portoalities.com\/wp-content\/uploads\/2020\/02\/tudo-sobre-catedral-porto-portugal-200x300.jpg 200w\" sizes=\"auto, (max-width: 325px) 100vw, 325px\" \/><\/figure>\n<\/div>\n<\/div>\n","protected":false},"excerpt":{"rendered":"<p>A S\u00e9 do Porto \u00e9 um dos primeiros monumentos que nos vem \u00e0 cabe\u00e7a quando pensamos nas melhores coisas para\u2026<\/p>\n","protected":false},"author":3,"featured_media":111362,"comment_status":"closed","ping_status":"closed","sticky":false,"template":"","format":"standard","meta":{"footnotes":""},"categories":[90],"tags":[5552,5604,5605],"class_list":["post-111360","post","type-post","status-publish","format-standard","has-post-thumbnail","hentry","category-atracoes_turisticas","tag-catedral-pt-2","tag-igreja-pt-2","tag-se-pt-2"],"yoast_head":"<!-- This site is optimized with the Yoast SEO plugin v27.2 - https:\/\/yoast.com\/product\/yoast-seo-wordpress\/ -->\n<title>S\u00e9 do Porto: um guia essencial | Blog Portoalities: Travel blog and Private tours in Porto and Douro Valley<\/title>\n<meta name=\"description\" content=\"Todas as informa\u00e7\u00f5es sobre a S\u00e9 do Porto - hist\u00f3ria, arquitetura, c\u00f3digo de vestu\u00e1rio, bilhetes e hor\u00e1rio de funcionamento.\" \/>\n<meta name=\"robots\" content=\"index, follow, max-snippet:-1, max-image-preview:large, max-video-preview:-1\" \/>\n<link rel=\"canonical\" href=\"https:\/\/portoalities.com\/pt\/guia-essencial-sobre-se-do-porto\/\" \/>\n<meta property=\"og:locale\" content=\"pt_PT\" \/>\n<meta property=\"og:type\" content=\"article\" \/>\n<meta property=\"og:title\" content=\"S\u00e9 do Porto: um guia essencial | Blog Portoalities: Travel blog and Private tours in Porto and Douro Valley\" \/>\n<meta property=\"og:description\" content=\"Todas as informa\u00e7\u00f5es sobre a S\u00e9 do Porto - hist\u00f3ria, arquitetura, c\u00f3digo de vestu\u00e1rio, bilhetes e hor\u00e1rio de funcionamento.\" \/>\n<meta property=\"og:url\" content=\"https:\/\/portoalities.com\/pt\/guia-essencial-sobre-se-do-porto\/\" \/>\n<meta property=\"og:site_name\" content=\"Portoalities: Travel blog and Private tours in Porto and Douro Valley\" \/>\n<meta property=\"article:published_time\" content=\"2020-02-13T18:34:05+00:00\" \/>\n<meta property=\"article:modified_time\" content=\"2023-10-31T10:33:16+00:00\" \/>\n<meta property=\"og:image\" content=\"https:\/\/portoalities.com\/wp-content\/uploads\/2020\/02\/tudo-sobre-se-porto-portugal-1.jpg\" \/>\n\t<meta property=\"og:image:width\" content=\"1440\" \/>\n\t<meta property=\"og:image:height\" content=\"700\" \/>\n\t<meta property=\"og:image:type\" content=\"image\/jpeg\" \/>\n<meta name=\"author\" content=\"Sara Riobom\" \/>\n<meta name=\"twitter:card\" content=\"summary_large_image\" \/>\n<meta name=\"twitter:label1\" content=\"Escrito por\" \/>\n\t<meta name=\"twitter:data1\" content=\"Sara Riobom\" \/>\n\t<meta name=\"twitter:label2\" content=\"Tempo estimado de leitura\" \/>\n\t<meta name=\"twitter:data2\" content=\"7 minutos\" \/>\n<script type=\"application\/ld+json\" class=\"yoast-schema-graph\">{\"@context\":\"https:\/\/schema.org\",\"@graph\":[{\"@type\":\"Article\",\"@id\":\"https:\/\/portoalities.com\/pt\/guia-essencial-sobre-se-do-porto\/#article\",\"isPartOf\":{\"@id\":\"https:\/\/portoalities.com\/pt\/guia-essencial-sobre-se-do-porto\/\"},\"author\":{\"name\":\"Sara Riobom\",\"@id\":\"https:\/\/portoalities.com\/en\/#\/schema\/person\/86e9ed8d9d1bb211cc9bf16ab54c5c0d\"},\"headline\":\"Guia essencial sobre a S\u00e9 do Porto\",\"datePublished\":\"2020-02-13T18:34:05+00:00\",\"dateModified\":\"2023-10-31T10:33:16+00:00\",\"mainEntityOfPage\":{\"@id\":\"https:\/\/portoalities.com\/pt\/guia-essencial-sobre-se-do-porto\/\"},\"wordCount\":1230,\"image\":{\"@id\":\"https:\/\/portoalities.com\/pt\/guia-essencial-sobre-se-do-porto\/#primaryimage\"},\"thumbnailUrl\":\"https:\/\/portoalities.com\/wp-content\/uploads\/2020\/02\/tudo-sobre-se-porto-portugal-1.jpg\",\"keywords\":[\"catedral\",\"igreja\",\"s\u00e9\"],\"articleSection\":[\"Atra\u00e7\u00f5es tur\u00edsticas\"],\"inLanguage\":\"pt-PT\"},{\"@type\":\"WebPage\",\"@id\":\"https:\/\/portoalities.com\/pt\/guia-essencial-sobre-se-do-porto\/\",\"url\":\"https:\/\/portoalities.com\/pt\/guia-essencial-sobre-se-do-porto\/\",\"name\":\"S\u00e9 do Porto: um guia essencial | Blog Portoalities: Travel blog and Private tours in Porto and Douro Valley\",\"isPartOf\":{\"@id\":\"https:\/\/portoalities.com\/en\/#website\"},\"primaryImageOfPage\":{\"@id\":\"https:\/\/portoalities.com\/pt\/guia-essencial-sobre-se-do-porto\/#primaryimage\"},\"image\":{\"@id\":\"https:\/\/portoalities.com\/pt\/guia-essencial-sobre-se-do-porto\/#primaryimage\"},\"thumbnailUrl\":\"https:\/\/portoalities.com\/wp-content\/uploads\/2020\/02\/tudo-sobre-se-porto-portugal-1.jpg\",\"datePublished\":\"2020-02-13T18:34:05+00:00\",\"dateModified\":\"2023-10-31T10:33:16+00:00\",\"author\":{\"@id\":\"https:\/\/portoalities.com\/en\/#\/schema\/person\/86e9ed8d9d1bb211cc9bf16ab54c5c0d\"},\"description\":\"Todas as informa\u00e7\u00f5es sobre a S\u00e9 do Porto - hist\u00f3ria, arquitetura, c\u00f3digo de vestu\u00e1rio, bilhetes e hor\u00e1rio de funcionamento.\",\"breadcrumb\":{\"@id\":\"https:\/\/portoalities.com\/pt\/guia-essencial-sobre-se-do-porto\/#breadcrumb\"},\"inLanguage\":\"pt-PT\",\"potentialAction\":[{\"@type\":\"ReadAction\",\"target\":[\"https:\/\/portoalities.com\/pt\/guia-essencial-sobre-se-do-porto\/\"]}]},{\"@type\":\"ImageObject\",\"inLanguage\":\"pt-PT\",\"@id\":\"https:\/\/portoalities.com\/pt\/guia-essencial-sobre-se-do-porto\/#primaryimage\",\"url\":\"https:\/\/portoalities.com\/wp-content\/uploads\/2020\/02\/tudo-sobre-se-porto-portugal-1.jpg\",\"contentUrl\":\"https:\/\/portoalities.com\/wp-content\/uploads\/2020\/02\/tudo-sobre-se-porto-portugal-1.jpg\",\"width\":1440,\"height\":700},{\"@type\":\"BreadcrumbList\",\"@id\":\"https:\/\/portoalities.com\/pt\/guia-essencial-sobre-se-do-porto\/#breadcrumb\",\"itemListElement\":[{\"@type\":\"ListItem\",\"position\":1,\"name\":\"Home\",\"item\":\"https:\/\/portoalities.com\/pt\/\"},{\"@type\":\"ListItem\",\"position\":2,\"name\":\"Guia essencial sobre a S\u00e9 do Porto\"}]},{\"@type\":\"WebSite\",\"@id\":\"https:\/\/portoalities.com\/en\/#website\",\"url\":\"https:\/\/portoalities.com\/en\/\",\"name\":\"Portoalities: Travel blog and Private tours in Porto and Douro Valley\",\"description\":\"\",\"potentialAction\":[{\"@type\":\"SearchAction\",\"target\":{\"@type\":\"EntryPoint\",\"urlTemplate\":\"https:\/\/portoalities.com\/en\/?s={search_term_string}\"},\"query-input\":{\"@type\":\"PropertyValueSpecification\",\"valueRequired\":true,\"valueName\":\"search_term_string\"}}],\"inLanguage\":\"pt-PT\"},{\"@type\":\"Person\",\"@id\":\"https:\/\/portoalities.com\/en\/#\/schema\/person\/86e9ed8d9d1bb211cc9bf16ab54c5c0d\",\"name\":\"Sara Riobom\",\"image\":{\"@type\":\"ImageObject\",\"inLanguage\":\"pt-PT\",\"@id\":\"https:\/\/secure.gravatar.com\/avatar\/21142310e9611a432e3b525f3a98f5c0539be889e67ec3fb511c335b41fb3c6a?s=96&d=mm&r=g\",\"url\":\"https:\/\/secure.gravatar.com\/avatar\/21142310e9611a432e3b525f3a98f5c0539be889e67ec3fb511c335b41fb3c6a?s=96&d=mm&r=g\",\"contentUrl\":\"https:\/\/secure.gravatar.com\/avatar\/21142310e9611a432e3b525f3a98f5c0539be889e67ec3fb511c335b41fb3c6a?s=96&d=mm&r=g\",\"caption\":\"Sara Riobom\"},\"url\":\"https:\/\/portoalities.com\/pt\/author\/admin\/\"}]}<\/script>\n<!-- \/ Yoast SEO plugin. -->","yoast_head_json":{"title":"S\u00e9 do Porto: um guia essencial | Blog Portoalities: Travel blog and Private tours in Porto and Douro Valley","description":"Todas as informa\u00e7\u00f5es sobre a S\u00e9 do Porto - hist\u00f3ria, arquitetura, c\u00f3digo de vestu\u00e1rio, bilhetes e hor\u00e1rio de funcionamento.","robots":{"index":"index","follow":"follow","max-snippet":"max-snippet:-1","max-image-preview":"max-image-preview:large","max-video-preview":"max-video-preview:-1"},"canonical":"https:\/\/portoalities.com\/pt\/guia-essencial-sobre-se-do-porto\/","og_locale":"pt_PT","og_type":"article","og_title":"S\u00e9 do Porto: um guia essencial | Blog Portoalities: Travel blog and Private tours in Porto and Douro Valley","og_description":"Todas as informa\u00e7\u00f5es sobre a S\u00e9 do Porto - hist\u00f3ria, arquitetura, c\u00f3digo de vestu\u00e1rio, bilhetes e hor\u00e1rio de funcionamento.","og_url":"https:\/\/portoalities.com\/pt\/guia-essencial-sobre-se-do-porto\/","og_site_name":"Portoalities: Travel blog and Private tours in Porto and Douro Valley","article_published_time":"2020-02-13T18:34:05+00:00","article_modified_time":"2023-10-31T10:33:16+00:00","og_image":[{"width":1440,"height":700,"url":"https:\/\/portoalities.com\/wp-content\/uploads\/2020\/02\/tudo-sobre-se-porto-portugal-1.jpg","type":"image\/jpeg"}],"author":"Sara Riobom","twitter_card":"summary_large_image","twitter_misc":{"Escrito por":"Sara Riobom","Tempo estimado de leitura":"7 minutos"},"schema":{"@context":"https:\/\/schema.org","@graph":[{"@type":"Article","@id":"https:\/\/portoalities.com\/pt\/guia-essencial-sobre-se-do-porto\/#article","isPartOf":{"@id":"https:\/\/portoalities.com\/pt\/guia-essencial-sobre-se-do-porto\/"},"author":{"name":"Sara Riobom","@id":"https:\/\/portoalities.com\/en\/#\/schema\/person\/86e9ed8d9d1bb211cc9bf16ab54c5c0d"},"headline":"Guia essencial sobre a S\u00e9 do Porto","datePublished":"2020-02-13T18:34:05+00:00","dateModified":"2023-10-31T10:33:16+00:00","mainEntityOfPage":{"@id":"https:\/\/portoalities.com\/pt\/guia-essencial-sobre-se-do-porto\/"},"wordCount":1230,"image":{"@id":"https:\/\/portoalities.com\/pt\/guia-essencial-sobre-se-do-porto\/#primaryimage"},"thumbnailUrl":"https:\/\/portoalities.com\/wp-content\/uploads\/2020\/02\/tudo-sobre-se-porto-portugal-1.jpg","keywords":["catedral","igreja","s\u00e9"],"articleSection":["Atra\u00e7\u00f5es tur\u00edsticas"],"inLanguage":"pt-PT"},{"@type":"WebPage","@id":"https:\/\/portoalities.com\/pt\/guia-essencial-sobre-se-do-porto\/","url":"https:\/\/portoalities.com\/pt\/guia-essencial-sobre-se-do-porto\/","name":"S\u00e9 do Porto: um guia essencial | Blog Portoalities: Travel blog and Private tours in Porto and Douro Valley","isPartOf":{"@id":"https:\/\/portoalities.com\/en\/#website"},"primaryImageOfPage":{"@id":"https:\/\/portoalities.com\/pt\/guia-essencial-sobre-se-do-porto\/#primaryimage"},"image":{"@id":"https:\/\/portoalities.com\/pt\/guia-essencial-sobre-se-do-porto\/#primaryimage"},"thumbnailUrl":"https:\/\/portoalities.com\/wp-content\/uploads\/2020\/02\/tudo-sobre-se-porto-portugal-1.jpg","datePublished":"2020-02-13T18:34:05+00:00","dateModified":"2023-10-31T10:33:16+00:00","author":{"@id":"https:\/\/portoalities.com\/en\/#\/schema\/person\/86e9ed8d9d1bb211cc9bf16ab54c5c0d"},"description":"Todas as informa\u00e7\u00f5es sobre a S\u00e9 do Porto - hist\u00f3ria, arquitetura, c\u00f3digo de vestu\u00e1rio, bilhetes e hor\u00e1rio de funcionamento.","breadcrumb":{"@id":"https:\/\/portoalities.com\/pt\/guia-essencial-sobre-se-do-porto\/#breadcrumb"},"inLanguage":"pt-PT","potentialAction":[{"@type":"ReadAction","target":["https:\/\/portoalities.com\/pt\/guia-essencial-sobre-se-do-porto\/"]}]},{"@type":"ImageObject","inLanguage":"pt-PT","@id":"https:\/\/portoalities.com\/pt\/guia-essencial-sobre-se-do-porto\/#primaryimage","url":"https:\/\/portoalities.com\/wp-content\/uploads\/2020\/02\/tudo-sobre-se-porto-portugal-1.jpg","contentUrl":"https:\/\/portoalities.com\/wp-content\/uploads\/2020\/02\/tudo-sobre-se-porto-portugal-1.jpg","width":1440,"height":700},{"@type":"BreadcrumbList","@id":"https:\/\/portoalities.com\/pt\/guia-essencial-sobre-se-do-porto\/#breadcrumb","itemListElement":[{"@type":"ListItem","position":1,"name":"Home","item":"https:\/\/portoalities.com\/pt\/"},{"@type":"ListItem","position":2,"name":"Guia essencial sobre a S\u00e9 do Porto"}]},{"@type":"WebSite","@id":"https:\/\/portoalities.com\/en\/#website","url":"https:\/\/portoalities.com\/en\/","name":"Portoalities: Travel blog and Private tours in Porto and Douro Valley","description":"","potentialAction":[{"@type":"SearchAction","target":{"@type":"EntryPoint","urlTemplate":"https:\/\/portoalities.com\/en\/?s={search_term_string}"},"query-input":{"@type":"PropertyValueSpecification","valueRequired":true,"valueName":"search_term_string"}}],"inLanguage":"pt-PT"},{"@type":"Person","@id":"https:\/\/portoalities.com\/en\/#\/schema\/person\/86e9ed8d9d1bb211cc9bf16ab54c5c0d","name":"Sara Riobom","image":{"@type":"ImageObject","inLanguage":"pt-PT","@id":"https:\/\/secure.gravatar.com\/avatar\/21142310e9611a432e3b525f3a98f5c0539be889e67ec3fb511c335b41fb3c6a?s=96&d=mm&r=g","url":"https:\/\/secure.gravatar.com\/avatar\/21142310e9611a432e3b525f3a98f5c0539be889e67ec3fb511c335b41fb3c6a?s=96&d=mm&r=g","contentUrl":"https:\/\/secure.gravatar.com\/avatar\/21142310e9611a432e3b525f3a98f5c0539be889e67ec3fb511c335b41fb3c6a?s=96&d=mm&r=g","caption":"Sara Riobom"},"url":"https:\/\/portoalities.com\/pt\/author\/admin\/"}]}},"_links":{"self":[{"href":"https:\/\/portoalities.com\/pt\/wp-json\/wp\/v2\/posts\/111360","targetHints":{"allow":["GET"]}}],"collection":[{"href":"https:\/\/portoalities.com\/pt\/wp-json\/wp\/v2\/posts"}],"about":[{"href":"https:\/\/portoalities.com\/pt\/wp-json\/wp\/v2\/types\/post"}],"author":[{"embeddable":true,"href":"https:\/\/portoalities.com\/pt\/wp-json\/wp\/v2\/users\/3"}],"replies":[{"embeddable":true,"href":"https:\/\/portoalities.com\/pt\/wp-json\/wp\/v2\/comments?post=111360"}],"version-history":[{"count":0,"href":"https:\/\/portoalities.com\/pt\/wp-json\/wp\/v2\/posts\/111360\/revisions"}],"wp:featuredmedia":[{"embeddable":true,"href":"https:\/\/portoalities.com\/pt\/wp-json\/wp\/v2\/media\/111362"}],"wp:attachment":[{"href":"https:\/\/portoalities.com\/pt\/wp-json\/wp\/v2\/media?parent=111360"}],"wp:term":[{"taxonomy":"category","embeddable":true,"href":"https:\/\/portoalities.com\/pt\/wp-json\/wp\/v2\/categories?post=111360"},{"taxonomy":"post_tag","embeddable":true,"href":"https:\/\/portoalities.com\/pt\/wp-json\/wp\/v2\/tags?post=111360"}],"curies":[{"name":"wp","href":"https:\/\/api.w.org\/{rel}","templated":true}]}}