{"id":111406,"date":"2019-11-19T12:06:08","date_gmt":"2019-11-19T12:06:08","guid":{"rendered":"https:\/\/portoalities.com\/vindimas-de-a-a-z-no-douro-vinhateiro\/"},"modified":"2019-11-19T12:06:16","modified_gmt":"2019-11-19T12:06:16","slug":"vindimas-de-a-a-z-no-douro-vinhateiro","status":"publish","type":"post","link":"https:\/\/portoalities.com\/pt\/vindimas-de-a-a-z-no-douro-vinhateiro\/","title":{"rendered":"Vindimas de A a Z no Douro Vinhateiro"},"content":{"rendered":"\n<p>Chegou a \u00e9poca mais bonita do ano: as vindimas no Douro! Ponto fulcral da cria\u00e7\u00e3o do vinho do Porto e do vinho do Douro, as esperan\u00e7as de um ano de trabalho apanhadas em tons de uva.<\/p>\n\n\n\n<p>A maior parte das pessoas tem uma ideia muito rom\u00e2ntica do que s\u00e3o as vindimas no Douro; mas, embora seja uma \u00e9poca festiva, \u00e9 tamb\u00e9m de labor intensivo, de muitas horas sem dormir &#8211; uns a trabalhar nos campos, outros a receber turistas nos centros de visita, outros atarefados na alquimia secreta dos sabores e aromas do vinho, nos laborat\u00f3rios.<br><img loading=\"lazy\" decoding=\"async\" class=\"alignnone size-full wp-image-25632\" src=\"\/wp-content\/uploads\/2019\/11\/vinhas-douro-portugal.jpg\" alt=\"vinhas douro portugal\" width=\"668\" height=\"501\"><br>Por isso, fui \u00e0 bela Quinta da Ro\u00eada, da marca <a href=\"http:\/\/www.croftport.com\/pt\/\">Croft<\/a> &#8211; que tem uma das <a href=\"https:\/\/portoalities.com\/pt\/as-melhores-caves-de-vinho-do-porto\/\">melhores caves de vinho do Porto<\/a> -, desvendar os segredos das vindimas para voc\u00eas. No final do artigo, t\u00eam as indica\u00e7\u00f5es para l\u00e1 chegarem, bem os pre\u00e7os das suas actividades de enoturismo. Divirtam-se! \ud83d\ude42<\/p>\n\n\n\n<h3 class=\"wp-block-heading\">As vindimas na Quinta da Ro\u00eada<\/h3>\n\n\n\n<p>A apanha da uva \u00e9 feita pelas &#8220;rogas&#8221;, que s\u00e3o equipas de homens e mulheres que se mudam de armas e bagagens para uma quinta, durante cerca de 20 dias, para as vindimas.<br><img loading=\"lazy\" decoding=\"async\" class=\"alignnone size-full wp-image-25623\" src=\"\/wp-content\/uploads\/2019\/11\/homem-cortar-cacho-uvas.jpg\" alt=\"homem cortar cacho uvas\" width=\"668\" height=\"471\"><br>Os cachos de uvas s\u00e3o cortados, um a um, e depois colocados em em caixas que levam cerca de 20kg, e que os homens levam \u00e0s costas (e as mulheres, geralmente, aos pares), at\u00e9 um cami\u00e3o.<br><img loading=\"lazy\" decoding=\"async\" class=\"alignnone size-full wp-image-25624\" src=\"\/wp-content\/uploads\/2019\/11\/homem-transportar-caixas-uvas.jpg\" alt=\"homem transportar caixas uvas\" width=\"668\" height=\"474\"><br><img loading=\"lazy\" decoding=\"async\" class=\"alignnone size-full wp-image-25630\" src=\"\/wp-content\/uploads\/2019\/11\/trabalhadores-vindimas-douro.jpg\" alt=\"trabalhadores vindimas douro\" width=\"668\" height=\"477\"><br><img loading=\"lazy\" decoding=\"async\" class=\"alignnone size-full wp-image-25621\" src=\"\/wp-content\/uploads\/2019\/11\/camiao-carregar-caixas-uvas-vindimas-douro.jpg\" alt=\"camiao carregar caixas uvas-vindimas-douro\" width=\"668\" height=\"501\"><br><img loading=\"lazy\" decoding=\"async\" class=\"alignnone size-full wp-image-25625\" src=\"\/wp-content\/uploads\/2019\/11\/homens-carregar-uvas.jpg\" alt=\"homens carregar uvas\" width=\"668\" height=\"501\"><br><img loading=\"lazy\" decoding=\"async\" class=\"alignnone size-full wp-image-25622\" src=\"\/wp-content\/uploads\/2019\/11\/camioes-uvas-vindimas-douro.jpg\" alt=\"camioes uvas vindimas douro\" width=\"668\" height=\"478\"><br>Quando o cami\u00e3o est\u00e1 cheia de caixas e caixas de uvas, \u00e9 levado para uma sala onde, numa esteira autom\u00e1tica, as uvas s\u00e3o &#8220;passadas a pente fino&#8221;, manualmente, para retirar uvas estragadas, folhas, e outros elementos que n\u00e3o devem ser inclu\u00eddos na produ\u00e7\u00e3o do vinho. Tal \u00e9 o cuidado colocado nas vindimas no Douro!<br><img loading=\"lazy\" decoding=\"async\" class=\"alignnone size-full wp-image-25629\" src=\"\/wp-content\/uploads\/2019\/11\/tapete-selecao-uvas-douro.jpg\" alt=\"tapete selecao uvas douro\" width=\"668\" height=\"461\"><br>Depois, e em tratando-se de vinho do Porto, faz-se a pisa manual das uvas.<br>Logo na primeira noite em que as uvas foram apanhadas, faz-se o chamado &#8220;corte da uva&#8221;, em que durante cerca de 2h (ou mais, porque pode variar de quinta para quinta), os trabalhadores abra\u00e7am-se em filas e marcham metodicamente ao ritmo marcado por um trabalhador mais experiente: Um \/ Dois \/ Um \/ Dois \/ Esquerdo \/ Direito \/ Esquerdo \/ Direito.<br>\u00c9 um trabalho das vindimas no Douro que requer aten\u00e7\u00e3o e min\u00facia, para garantir que todas as uvas s\u00e3o esmagadas, de forma a separar a polpa da pel\u00edcula.<br><img loading=\"lazy\" decoding=\"async\" class=\"alignnone size-full wp-image-25627\" src=\"\/wp-content\/uploads\/2019\/11\/pisa-uvas-pe-quinta-roeda.jpg\" alt=\"pisa uvas pe quinta roeda\" width=\"668\" height=\"440\"><br>O&nbsp;vinho do Porto fermenta, em m\u00e9dia, durante 3 dias, de forma a que mantenha ainda uma grande percentagem do seu a\u00e7\u00facar natural. Assim, ap\u00f3s o &#8220;corte da uva&#8221;, no segundo dia h\u00e1 meia d\u00fazia de trabalhadores que, de vez em quando, v\u00e3o para os lagares andar &#8220;livremente&#8221;, de forma a fazer com que as pel\u00edculas se v\u00e3o misturando com o l\u00edquido, uma vez que s\u00e3o elas que d\u00e3o, entre outras coisas, a cor e os taninos ao vinho.<br>No terceiro dia a fermenta\u00e7\u00e3o j\u00e1 vai avan\u00e7ada e h\u00e1 uma grande liberta\u00e7\u00e3o de CO2, pelo que os trabalhadores j\u00e1 n\u00e3o entram nos lagares, mas usam umas ferramentas de madeiras a que chamam, tradicionalmente, &#8220;macacos&#8221;, para continuar a misturar as pel\u00edculas com o l\u00edquido.<br><img loading=\"lazy\" decoding=\"async\" class=\"alignnone size-full wp-image-25626\" src=\"\/wp-content\/uploads\/2019\/11\/homens-usar-macacos-lagares-granito-uvas.jpg\" alt=\"homens usar macacos lagares granito uvas\" width=\"668\" height=\"468\"><br>Curiosos? Ent\u00e3o sugiro-vos que visitem o Centro de visitas da Quinta da Ro\u00eada, onde todas estas fotos foram tiradas, e que tem um centro de visitas muito espa\u00e7oso e onde ser\u00e3o muito bem recebidos.<\/p>\n\n\n\n<div>\n<div>&nbsp;<\/div>\n<div>\n<div><strong>Localiza\u00e7\u00e3o:<\/strong><\/div>\n<div>Quinta da Ro\u00eada &#8211;&nbsp;5085-016 Pinh\u00e3o<\/div>\n<\/div>\n<div>Coordenadas de GPS: 41\u00b0 11\u2019 9\u201d N 7\u00b0 31\u2019 42\u201d W<\/div>\n<\/div>\n\n\n\n<h6 class=\"wp-block-heading\">Nota: Gostava de deixar uma especial nota de agradecimento ao Filipe Carvalho, Wine Tourism Manager da Quinta da Ro\u00eada, por todos os esclarecimentos prestados e disponibilidade demonstrada. Obrigada, Filipe!<\/h6>\n\n\n\n<h4 class=\"wp-block-heading\">Guarde este artigo para mais tarde:<\/h4>\n\n\n\n<div class=\"wp-block-columns is-layout-flex wp-container-core-columns-is-layout-9d6595d7 wp-block-columns-is-layout-flex\">\n<div class=\"wp-block-column is-layout-flow wp-block-column-is-layout-flow\">\n<figure class=\"wp-block-image size-large\"><img loading=\"lazy\" decoding=\"async\" width=\"300\" height=\"450\" src=\"http:\/\/portoalities.com\/wp-content\/uploads\/2016\/10\/vindimas-vinicolas-douro-portugal.jpg\" alt=\"vindimas vinicolas douro portugal\" class=\"wp-image-30961\" srcset=\"https:\/\/portoalities.com\/wp-content\/uploads\/2016\/10\/vindimas-vinicolas-douro-portugal.jpg 300w, https:\/\/portoalities.com\/wp-content\/uploads\/2016\/10\/vindimas-vinicolas-douro-portugal-200x300.jpg 200w\" sizes=\"auto, (max-width: 300px) 100vw, 300px\" \/><\/figure>\n<\/div>\n\n\n\n<div class=\"wp-block-column is-layout-flow wp-block-column-is-layout-flow\">\n<figure class=\"wp-block-image size-large\"><img loading=\"lazy\" decoding=\"async\" width=\"325\" height=\"487\" src=\"http:\/\/portoalities.com\/wp-content\/uploads\/2019\/11\/cesto-vindimas-douro-portugal.jpg\" alt=\"cesto uvas vindimas douro portugal\" class=\"wp-image-37096\" srcset=\"https:\/\/portoalities.com\/wp-content\/uploads\/2019\/11\/cesto-vindimas-douro-portugal.jpg 325w, https:\/\/portoalities.com\/wp-content\/uploads\/2019\/11\/cesto-vindimas-douro-portugal-200x300.jpg 200w\" sizes=\"auto, (max-width: 325px) 100vw, 325px\" \/><\/figure>\n<\/div>\n<\/div>\n","protected":false},"excerpt":{"rendered":"<p>Chegou a \u00e9poca mais bonita do ano: as vindimas no Douro! Ponto fulcral da cria\u00e7\u00e3o do vinho do Porto e\u2026<\/p>\n","protected":false},"author":2,"featured_media":111408,"comment_status":"closed","ping_status":"closed","sticky":false,"template":"","format":"standard","meta":{"footnotes":""},"categories":[509],"tags":[5678,5399,5400,5679,5593,5406,5480,5362],"class_list":["post-111406","post","type-post","status-publish","format-standard","has-post-thumbnail","hentry","category-perto_porto","tag-croft-pt-2","tag-douro-pt-2","tag-enoturismo-pt-2","tag-pinhao-pt","tag-provas-de-vinho-pt-2","tag-vindimas-pt-2","tag-vinho-pt-2","tag-vinho-do-porto-pt-2"],"yoast_head":"<!-- This site is optimized with the Yoast SEO plugin v27.2 - https:\/\/yoast.com\/product\/yoast-seo-wordpress\/ -->\n<title>Vindimas de A a Z no Douro Vinhateiro | Blog Portoalities<\/title>\n<meta name=\"description\" content=\"Conhe\u00e7a o processo de vindimas no Douro Vinhateiro, uma das regi\u00f5es vin\u00edcolas mais bonitas do mundo, e onde o vinho do Porto \u00e9 produzido.\" \/>\n<meta name=\"robots\" content=\"index, follow, max-snippet:-1, max-image-preview:large, max-video-preview:-1\" \/>\n<link rel=\"canonical\" href=\"https:\/\/portoalities.com\/pt\/vindimas-de-a-a-z-no-douro-vinhateiro\/\" \/>\n<meta property=\"og:locale\" content=\"pt_PT\" \/>\n<meta property=\"og:type\" content=\"article\" \/>\n<meta property=\"og:title\" content=\"Vindimas de A a Z no Douro Vinhateiro | Blog Portoalities\" \/>\n<meta property=\"og:description\" content=\"Conhe\u00e7a o processo de vindimas no Douro Vinhateiro, uma das regi\u00f5es vin\u00edcolas mais bonitas do mundo, e onde o vinho do Porto \u00e9 produzido.\" \/>\n<meta property=\"og:url\" content=\"https:\/\/portoalities.com\/pt\/vindimas-de-a-a-z-no-douro-vinhateiro\/\" \/>\n<meta property=\"og:site_name\" content=\"Portoalities: Travel blog and Private tours in Porto and Douro Valley\" \/>\n<meta property=\"article:published_time\" content=\"2019-11-19T12:06:08+00:00\" \/>\n<meta property=\"article:modified_time\" content=\"2019-11-19T12:06:16+00:00\" \/>\n<meta property=\"og:image\" content=\"https:\/\/portoalities.com\/wp-content\/uploads\/2019\/11\/vindimas-douro-portugal-1.jpg\" \/>\n\t<meta property=\"og:image:width\" content=\"1440\" \/>\n\t<meta property=\"og:image:height\" content=\"700\" \/>\n\t<meta property=\"og:image:type\" content=\"image\/jpeg\" \/>\n<meta name=\"author\" content=\"Sara Riobom\" \/>\n<meta name=\"twitter:card\" content=\"summary_large_image\" \/>\n<meta name=\"twitter:label1\" content=\"Escrito por\" \/>\n\t<meta name=\"twitter:data1\" content=\"Sara Riobom\" \/>\n\t<meta name=\"twitter:label2\" content=\"Tempo estimado de leitura\" \/>\n\t<meta name=\"twitter:data2\" content=\"5 minutos\" \/>\n<script type=\"application\/ld+json\" class=\"yoast-schema-graph\">{\"@context\":\"https:\/\/schema.org\",\"@graph\":[{\"@type\":\"Article\",\"@id\":\"https:\/\/portoalities.com\/pt\/vindimas-de-a-a-z-no-douro-vinhateiro\/#article\",\"isPartOf\":{\"@id\":\"https:\/\/portoalities.com\/pt\/vindimas-de-a-a-z-no-douro-vinhateiro\/\"},\"author\":{\"name\":\"Sara Riobom\",\"@id\":\"https:\/\/portoalities.com\/en\/#\/schema\/person\/cb68c63070fb38b0626d5a51a01df322\"},\"headline\":\"Vindimas de A a Z no Douro Vinhateiro\",\"datePublished\":\"2019-11-19T12:06:08+00:00\",\"dateModified\":\"2019-11-19T12:06:16+00:00\",\"mainEntityOfPage\":{\"@id\":\"https:\/\/portoalities.com\/pt\/vindimas-de-a-a-z-no-douro-vinhateiro\/\"},\"wordCount\":628,\"image\":{\"@id\":\"https:\/\/portoalities.com\/pt\/vindimas-de-a-a-z-no-douro-vinhateiro\/#primaryimage\"},\"thumbnailUrl\":\"https:\/\/portoalities.com\/wp-content\/uploads\/2019\/11\/vindimas-douro-portugal-1.jpg\",\"keywords\":[\"croft\",\"douro\",\"enoturismo\",\"pinh\u00e3o\",\"provas de vinho\",\"vindimas\",\"vinho\",\"vinho do porto\"],\"articleSection\":[\"Portugal\"],\"inLanguage\":\"pt-PT\"},{\"@type\":\"WebPage\",\"@id\":\"https:\/\/portoalities.com\/pt\/vindimas-de-a-a-z-no-douro-vinhateiro\/\",\"url\":\"https:\/\/portoalities.com\/pt\/vindimas-de-a-a-z-no-douro-vinhateiro\/\",\"name\":\"Vindimas de A a Z no Douro Vinhateiro | Blog Portoalities\",\"isPartOf\":{\"@id\":\"https:\/\/portoalities.com\/en\/#website\"},\"primaryImageOfPage\":{\"@id\":\"https:\/\/portoalities.com\/pt\/vindimas-de-a-a-z-no-douro-vinhateiro\/#primaryimage\"},\"image\":{\"@id\":\"https:\/\/portoalities.com\/pt\/vindimas-de-a-a-z-no-douro-vinhateiro\/#primaryimage\"},\"thumbnailUrl\":\"https:\/\/portoalities.com\/wp-content\/uploads\/2019\/11\/vindimas-douro-portugal-1.jpg\",\"datePublished\":\"2019-11-19T12:06:08+00:00\",\"dateModified\":\"2019-11-19T12:06:16+00:00\",\"author\":{\"@id\":\"https:\/\/portoalities.com\/en\/#\/schema\/person\/cb68c63070fb38b0626d5a51a01df322\"},\"description\":\"Conhe\u00e7a o processo de vindimas no Douro Vinhateiro, uma das regi\u00f5es vin\u00edcolas mais bonitas do mundo, e onde o vinho do Porto \u00e9 produzido.\",\"breadcrumb\":{\"@id\":\"https:\/\/portoalities.com\/pt\/vindimas-de-a-a-z-no-douro-vinhateiro\/#breadcrumb\"},\"inLanguage\":\"pt-PT\",\"potentialAction\":[{\"@type\":\"ReadAction\",\"target\":[\"https:\/\/portoalities.com\/pt\/vindimas-de-a-a-z-no-douro-vinhateiro\/\"]}]},{\"@type\":\"ImageObject\",\"inLanguage\":\"pt-PT\",\"@id\":\"https:\/\/portoalities.com\/pt\/vindimas-de-a-a-z-no-douro-vinhateiro\/#primaryimage\",\"url\":\"https:\/\/portoalities.com\/wp-content\/uploads\/2019\/11\/vindimas-douro-portugal-1.jpg\",\"contentUrl\":\"https:\/\/portoalities.com\/wp-content\/uploads\/2019\/11\/vindimas-douro-portugal-1.jpg\",\"width\":1440,\"height\":700},{\"@type\":\"BreadcrumbList\",\"@id\":\"https:\/\/portoalities.com\/pt\/vindimas-de-a-a-z-no-douro-vinhateiro\/#breadcrumb\",\"itemListElement\":[{\"@type\":\"ListItem\",\"position\":1,\"name\":\"Home\",\"item\":\"https:\/\/portoalities.com\/pt\/\"},{\"@type\":\"ListItem\",\"position\":2,\"name\":\"Vindimas de A a Z no Douro Vinhateiro\"}]},{\"@type\":\"WebSite\",\"@id\":\"https:\/\/portoalities.com\/en\/#website\",\"url\":\"https:\/\/portoalities.com\/en\/\",\"name\":\"Portoalities: Travel blog and Private tours in Porto and Douro Valley\",\"description\":\"\",\"potentialAction\":[{\"@type\":\"SearchAction\",\"target\":{\"@type\":\"EntryPoint\",\"urlTemplate\":\"https:\/\/portoalities.com\/en\/?s={search_term_string}\"},\"query-input\":{\"@type\":\"PropertyValueSpecification\",\"valueRequired\":true,\"valueName\":\"search_term_string\"}}],\"inLanguage\":\"pt-PT\"},{\"@type\":\"Person\",\"@id\":\"https:\/\/portoalities.com\/en\/#\/schema\/person\/cb68c63070fb38b0626d5a51a01df322\",\"name\":\"Sara Riobom\",\"image\":{\"@type\":\"ImageObject\",\"inLanguage\":\"pt-PT\",\"@id\":\"https:\/\/secure.gravatar.com\/avatar\/6764ebba4aa7786e195117c34a39ff7ac9f35e29c06b40c36875d0895f86d70d?s=96&d=mm&r=g\",\"url\":\"https:\/\/secure.gravatar.com\/avatar\/6764ebba4aa7786e195117c34a39ff7ac9f35e29c06b40c36875d0895f86d70d?s=96&d=mm&r=g\",\"contentUrl\":\"https:\/\/secure.gravatar.com\/avatar\/6764ebba4aa7786e195117c34a39ff7ac9f35e29c06b40c36875d0895f86d70d?s=96&d=mm&r=g\",\"caption\":\"Sara Riobom\"},\"url\":\"https:\/\/portoalities.com\/pt\/author\/sara-riobom\/\"}]}<\/script>\n<!-- \/ Yoast SEO plugin. -->","yoast_head_json":{"title":"Vindimas de A a Z no Douro Vinhateiro | Blog Portoalities","description":"Conhe\u00e7a o processo de vindimas no Douro Vinhateiro, uma das regi\u00f5es vin\u00edcolas mais bonitas do mundo, e onde o vinho do Porto \u00e9 produzido.","robots":{"index":"index","follow":"follow","max-snippet":"max-snippet:-1","max-image-preview":"max-image-preview:large","max-video-preview":"max-video-preview:-1"},"canonical":"https:\/\/portoalities.com\/pt\/vindimas-de-a-a-z-no-douro-vinhateiro\/","og_locale":"pt_PT","og_type":"article","og_title":"Vindimas de A a Z no Douro Vinhateiro | Blog Portoalities","og_description":"Conhe\u00e7a o processo de vindimas no Douro Vinhateiro, uma das regi\u00f5es vin\u00edcolas mais bonitas do mundo, e onde o vinho do Porto \u00e9 produzido.","og_url":"https:\/\/portoalities.com\/pt\/vindimas-de-a-a-z-no-douro-vinhateiro\/","og_site_name":"Portoalities: Travel blog and Private tours in Porto and Douro Valley","article_published_time":"2019-11-19T12:06:08+00:00","article_modified_time":"2019-11-19T12:06:16+00:00","og_image":[{"width":1440,"height":700,"url":"https:\/\/portoalities.com\/wp-content\/uploads\/2019\/11\/vindimas-douro-portugal-1.jpg","type":"image\/jpeg"}],"author":"Sara Riobom","twitter_card":"summary_large_image","twitter_misc":{"Escrito por":"Sara Riobom","Tempo estimado de leitura":"5 minutos"},"schema":{"@context":"https:\/\/schema.org","@graph":[{"@type":"Article","@id":"https:\/\/portoalities.com\/pt\/vindimas-de-a-a-z-no-douro-vinhateiro\/#article","isPartOf":{"@id":"https:\/\/portoalities.com\/pt\/vindimas-de-a-a-z-no-douro-vinhateiro\/"},"author":{"name":"Sara Riobom","@id":"https:\/\/portoalities.com\/en\/#\/schema\/person\/cb68c63070fb38b0626d5a51a01df322"},"headline":"Vindimas de A a Z no Douro Vinhateiro","datePublished":"2019-11-19T12:06:08+00:00","dateModified":"2019-11-19T12:06:16+00:00","mainEntityOfPage":{"@id":"https:\/\/portoalities.com\/pt\/vindimas-de-a-a-z-no-douro-vinhateiro\/"},"wordCount":628,"image":{"@id":"https:\/\/portoalities.com\/pt\/vindimas-de-a-a-z-no-douro-vinhateiro\/#primaryimage"},"thumbnailUrl":"https:\/\/portoalities.com\/wp-content\/uploads\/2019\/11\/vindimas-douro-portugal-1.jpg","keywords":["croft","douro","enoturismo","pinh\u00e3o","provas de vinho","vindimas","vinho","vinho do porto"],"articleSection":["Portugal"],"inLanguage":"pt-PT"},{"@type":"WebPage","@id":"https:\/\/portoalities.com\/pt\/vindimas-de-a-a-z-no-douro-vinhateiro\/","url":"https:\/\/portoalities.com\/pt\/vindimas-de-a-a-z-no-douro-vinhateiro\/","name":"Vindimas de A a Z no Douro Vinhateiro | Blog Portoalities","isPartOf":{"@id":"https:\/\/portoalities.com\/en\/#website"},"primaryImageOfPage":{"@id":"https:\/\/portoalities.com\/pt\/vindimas-de-a-a-z-no-douro-vinhateiro\/#primaryimage"},"image":{"@id":"https:\/\/portoalities.com\/pt\/vindimas-de-a-a-z-no-douro-vinhateiro\/#primaryimage"},"thumbnailUrl":"https:\/\/portoalities.com\/wp-content\/uploads\/2019\/11\/vindimas-douro-portugal-1.jpg","datePublished":"2019-11-19T12:06:08+00:00","dateModified":"2019-11-19T12:06:16+00:00","author":{"@id":"https:\/\/portoalities.com\/en\/#\/schema\/person\/cb68c63070fb38b0626d5a51a01df322"},"description":"Conhe\u00e7a o processo de vindimas no Douro Vinhateiro, uma das regi\u00f5es vin\u00edcolas mais bonitas do mundo, e onde o vinho do Porto \u00e9 produzido.","breadcrumb":{"@id":"https:\/\/portoalities.com\/pt\/vindimas-de-a-a-z-no-douro-vinhateiro\/#breadcrumb"},"inLanguage":"pt-PT","potentialAction":[{"@type":"ReadAction","target":["https:\/\/portoalities.com\/pt\/vindimas-de-a-a-z-no-douro-vinhateiro\/"]}]},{"@type":"ImageObject","inLanguage":"pt-PT","@id":"https:\/\/portoalities.com\/pt\/vindimas-de-a-a-z-no-douro-vinhateiro\/#primaryimage","url":"https:\/\/portoalities.com\/wp-content\/uploads\/2019\/11\/vindimas-douro-portugal-1.jpg","contentUrl":"https:\/\/portoalities.com\/wp-content\/uploads\/2019\/11\/vindimas-douro-portugal-1.jpg","width":1440,"height":700},{"@type":"BreadcrumbList","@id":"https:\/\/portoalities.com\/pt\/vindimas-de-a-a-z-no-douro-vinhateiro\/#breadcrumb","itemListElement":[{"@type":"ListItem","position":1,"name":"Home","item":"https:\/\/portoalities.com\/pt\/"},{"@type":"ListItem","position":2,"name":"Vindimas de A a Z no Douro Vinhateiro"}]},{"@type":"WebSite","@id":"https:\/\/portoalities.com\/en\/#website","url":"https:\/\/portoalities.com\/en\/","name":"Portoalities: Travel blog and Private tours in Porto and Douro Valley","description":"","potentialAction":[{"@type":"SearchAction","target":{"@type":"EntryPoint","urlTemplate":"https:\/\/portoalities.com\/en\/?s={search_term_string}"},"query-input":{"@type":"PropertyValueSpecification","valueRequired":true,"valueName":"search_term_string"}}],"inLanguage":"pt-PT"},{"@type":"Person","@id":"https:\/\/portoalities.com\/en\/#\/schema\/person\/cb68c63070fb38b0626d5a51a01df322","name":"Sara Riobom","image":{"@type":"ImageObject","inLanguage":"pt-PT","@id":"https:\/\/secure.gravatar.com\/avatar\/6764ebba4aa7786e195117c34a39ff7ac9f35e29c06b40c36875d0895f86d70d?s=96&d=mm&r=g","url":"https:\/\/secure.gravatar.com\/avatar\/6764ebba4aa7786e195117c34a39ff7ac9f35e29c06b40c36875d0895f86d70d?s=96&d=mm&r=g","contentUrl":"https:\/\/secure.gravatar.com\/avatar\/6764ebba4aa7786e195117c34a39ff7ac9f35e29c06b40c36875d0895f86d70d?s=96&d=mm&r=g","caption":"Sara Riobom"},"url":"https:\/\/portoalities.com\/pt\/author\/sara-riobom\/"}]}},"_links":{"self":[{"href":"https:\/\/portoalities.com\/pt\/wp-json\/wp\/v2\/posts\/111406","targetHints":{"allow":["GET"]}}],"collection":[{"href":"https:\/\/portoalities.com\/pt\/wp-json\/wp\/v2\/posts"}],"about":[{"href":"https:\/\/portoalities.com\/pt\/wp-json\/wp\/v2\/types\/post"}],"author":[{"embeddable":true,"href":"https:\/\/portoalities.com\/pt\/wp-json\/wp\/v2\/users\/2"}],"replies":[{"embeddable":true,"href":"https:\/\/portoalities.com\/pt\/wp-json\/wp\/v2\/comments?post=111406"}],"version-history":[{"count":0,"href":"https:\/\/portoalities.com\/pt\/wp-json\/wp\/v2\/posts\/111406\/revisions"}],"wp:featuredmedia":[{"embeddable":true,"href":"https:\/\/portoalities.com\/pt\/wp-json\/wp\/v2\/media\/111408"}],"wp:attachment":[{"href":"https:\/\/portoalities.com\/pt\/wp-json\/wp\/v2\/media?parent=111406"}],"wp:term":[{"taxonomy":"category","embeddable":true,"href":"https:\/\/portoalities.com\/pt\/wp-json\/wp\/v2\/categories?post=111406"},{"taxonomy":"post_tag","embeddable":true,"href":"https:\/\/portoalities.com\/pt\/wp-json\/wp\/v2\/tags?post=111406"}],"curies":[{"name":"wp","href":"https:\/\/api.w.org\/{rel}","templated":true}]}}