{"id":111444,"date":"2019-08-21T10:50:22","date_gmt":"2019-08-21T10:50:22","guid":{"rendered":"https:\/\/portoalities.com\/portuenses-famosos-pessoas-famosas-porto\/"},"modified":"2019-08-21T10:50:22","modified_gmt":"2019-08-21T10:50:22","slug":"portuenses-famosos-pessoas-famosas-porto","status":"publish","type":"post","link":"https:\/\/portoalities.com\/pt\/portuenses-famosos-pessoas-famosas-porto\/","title":{"rendered":"Portuenses famosos"},"content":{"rendered":"\n<p>Ao longo dos anos temos escrito acerca dos mais variados aspectos do Porto e da vida portuense. <span class=\"s1\">Desde as <a href=\"https:\/\/portoalities.com\/pt\/as-ruas-mais-emblematicas-do-porto\/\"><span class=\"s2\">ruas mais emblem\u00e1ticas<\/span><\/a>, da <a href=\"https:\/\/portoalities.com\/pt\/o-que-nao-perder-cidade-porto\/\"><span class=\"s2\">gloriosa arquitectura<\/span><\/a>, das <a href=\"https:\/\/portoalities.com\/pt\/as-melhores-caves-de-vinho-do-porto\/\"><span class=\"s2\">misteriosas caves de Vinho do Porto<\/span><\/a> at\u00e9 \u00e0 deliciosa gastronomia. <\/span><\/p>\n\n\n\n<p class=\"p1\"><span class=\"s1\">Mas raramente fal\u00e1mos das pessoas. Aqueles que nasceram e foram criados no Porto e que se tornaram famosos nas suas profiss\u00f5es. Os orgulhosos filhos e filhas da Invicta.<\/span><\/p>\n\n\n\n<h2 class=\"p1 wp-block-heading\"><span class=\"s1\">Aqui est\u00e1 a nossa t\u00e3o esperada lista de portuenses famosos:<\/span><\/h2>\n\n\n\n<h3 class=\"p1 wp-block-heading\"><span class=\"s1\">\u00c1lvaro Siza Vieira<\/span><\/h3>\n\n\n\n<figure class=\"wp-block-image alignnone wp-image-20140 size-full\"><img decoding=\"async\" src=\"\/wp-content\/uploads\/2019\/08\/alvaro-siza-arquiteto-portugues.jpeg\" alt=\"alvaro siza arquiteto portugues\" class=\"wp-image-20140\"\/><figcaption>\u00a9 P\u00fablico<\/figcaption><\/figure>\n\n\n\n<p class=\"p1\"><span class=\"s1\">\u00c1lvaro Siza Vieira \u00e9 um arquiteto e professor nascido em Matosinhos. Estudou na Escola de Belas Artes da Universidade do Porto e \u00e9 um dos portuenses famosos e internacionalmente reconhecidos.<\/span><\/p>\n\n\n\n<p>Apesar de muito do seu trabalho ser criado para o estrangeiro, Siza Vieira contribuiu com muitos projetos para a sua terra natal. Como o edif\u00edcio da Faculdade de Arquitetura da Universidade do Porto, o Museu de Arte Contempor\u00e2nea de Serralves, a famosa<span class=\"s1\">&nbsp;<a href=\"https:\/\/portoalities.com\/pt\/melhores-praias-piscinas-no-porto\/\"><span class=\"s2\">Piscina das Mar\u00e9s<\/span><\/a> e muitos mais.<\/span><br>Pode descobrir mais sobre o seu trabalho leia o nosso artigo acerca das <span class=\"s1\"><a href=\"https:\/\/portoalities.com\/pt\/10-obras-imperdiveis-de-siza-vieira-no-porto\/\"><span class=\"s3\">obras imperd\u00edveis de Siza Vieira no Porto<\/span><\/a>.<\/span><br>Vencedor do Pr\u00e9mio Pritzker, Siza Vieira \u00e9 celebrado pelo mundo fora e a sua obra pode ser vista em muitas cidades internacionais.<\/p>\n\n\n\n<p><em><strong>Dica:\u00a0<\/strong>Aconselho a visitar o Museu de Arte Contempor\u00e2nea de Serralves projectado por Siza Vieira. Pode faz\u00ea-lo <span class=\"s1\"><a href=\"https:\/\/www.getyourguide.com.br\/fundacao-de-serralves-l5654\/porto-ingresso-museu-e-parque-de-serralves-t66545\/?partner_id=H93B56T&amp;cmp=portuenses-famosos\" target=\"_blank\" rel=\"noreferrer noopener nofollow\">comprando o bilhete online para Serralves<\/a>. Tenha aten\u00e7\u00e3o que ter\u00e1 de trocar o seu bilhete online nas bilheteiras, mas pode faz\u00ea-lo facilmente dirigindo-se \u00e0 assistente que estiver na fila mais perto da livraria (\u00e9 f\u00e1cil de encontrar).<\/span><\/em><\/p>\n\n\n\n<h3 class=\"p1 wp-block-heading\"><span class=\"s1\">Souto de Moura<\/span><\/h3>\n\n\n\n<figure class=\"wp-block-image alignnone wp-image-14582 size-full\"><img decoding=\"async\" src=\"\/wp-content\/uploads\/2018\/06\/souto-moura-famoso-arquiteto-porto.jpg\" alt=\"souto moura famoso arquiteto porto\" class=\"wp-image-14582\"\/><figcaption>\u00a9 Jn.pt<\/figcaption><\/figure>\n\n\n\n<p>Colaborador de Siza Vieira e dos portuenses famosos mais conceituados, Souto de Moura foi o segundo arquiteto portugu\u00eas a ganhar o Pr\u00e9mio Pritzker.<\/p>\n\n\n\n<p class=\"p1\">O pr\u00e9mio foi-lhe atribu\u00eddo por projetos como o Est\u00e1dio Municipal de Braga, a Torre Burgo e o Metro do Porto, notoriamente as esta\u00e7\u00f5es da Casa da M\u00fasica e da Trindade.<\/p>\n\n\n\n<p class=\"p1\">As suas obras s\u00e3o descritas como poderosas, modestas, corajosas e subtis &#8211; descubra <span class=\"s1\"><a href=\"https:\/\/portoalities.com\/pt\/obras-souto-moura-porto\/\"><span class=\"s2\">as obras de Souto de Moura no Porto<\/span><\/a> e veja por si! <\/span><\/p>\n\n\n\n<h3 class=\"p1 wp-block-heading\"><span class=\"s1\">Sara Sampaio<\/span><\/h3>\n\n\n\n<figure class=\"wp-block-image alignnone wp-image-20141 size-full\"><img decoding=\"async\" src=\"\/wp-content\/uploads\/2019\/08\/sara-sampaio-modelo-famosa-porto.jpg\" alt=\"sara sampaio modelo famosa porto\" class=\"wp-image-20141\"\/><figcaption>\u00a9 Marie Claire<\/figcaption><\/figure>\n\n\n\n<p class=\"p1\"><span class=\"s1\">Sara Sampaio \u00e9 a mais nova e definitivamente das portuenses famosos mais facilmente reconhecidas desta lista.<\/span><\/p>\n\n\n\n<p class=\"p1\">Ela \u00e9 uma modelo proclamada internacionalmente e j\u00e1 trabalhou com marcas como <span class=\"s1\">Jean Paul Gaultier, Balmain, Marc Jacobs, Dolce &amp; Gabbana e Moschino, entre outras.<\/span><\/p>\n\n\n\n<p>Ganhou fama fora de Portugal em 2015 quando foi escolhida como Anjo para a Victoria&#8217;s Secret e j\u00e1 desfilou v\u00e1rias vezes para a marca. Sara Sampaio usa a sua exposi\u00e7\u00e3o p\u00fablica para criar aten\u00e7\u00e3o para problemas como <em>bullying<\/em> e <em>body shaming.<\/em><br>O seu perfil p\u00fablico e larga exposi\u00e7\u00e3o nas redes sociais fazem dela uma das personalidades do Porto mais reconhec\u00edveis atualmente.<\/p>\n\n\n\n<h3 class=\"p1 wp-block-heading\"><span class=\"s1\">Manoel de Oliveira<\/span><\/h3>\n\n\n\n<figure class=\"wp-block-image alignnone wp-image-20142 size-full\"><img decoding=\"async\" src=\"\/wp-content\/uploads\/2019\/08\/manoel-de-oliveira-portuenses-famosos.jpg\" alt=\"manoel de oliveira portuenses famosos\" class=\"wp-image-20142\"\/><figcaption>\u00a9 Vortex Cultural<\/figcaption><\/figure>\n\n\n\n<p>Nascido na Cedofeita em 1908, Manoel de Oliveira \u00e9 um realizador de cinema lend\u00e1rio cuja carreira abrange perto de um s\u00e9culo.<\/p>\n\n\n\n<p class=\"p1\">Come\u00e7ou a fazer filmes em 1927, na era do cinema mudo e o seu \u00faltimo filme estreou em 2014, na era digital.<\/p>\n\n\n\n<p class=\"p1\">Morreu em 2015 aos 106 anos, tendo produzido pelo menos um filme por ano desde os anos setenta at\u00e9 \u00e0 sua morte.<\/p>\n\n\n\n<p>A conex\u00e3o com o Porto, a sua terra natal, \u00e9 aparente desde o seu primeiro cr\u00e9dito cinematogr\u00e1fico chamado <span class=\"s1\"><i>Douro, Faina Fluvial<\/i>, um curta-metragem documental que mostra a ind\u00fastria e o trabalho nas margens do Rio Douro.<\/span><br>Em 1942, realizou o que \u00e9 considerado um dos mais importantes filmes da hist\u00f3ria cinematogr\u00e1fica portuguesa,&nbsp;<span class=\"s1\"><i>Aniki-B\u00f3b\u00f3.<\/i> <\/span><br>O filme tem o Porto como pano de fundo e explora a vidas de crian\u00e7as de classe baixa durante a ditadura no pa\u00eds.<br>Um dos mais importantes portuenses famosos, Manoel de Oliveira \u00e9 uma personalidade incontorn\u00e1vel para qualquer apreciador do cinema.<\/p>\n\n\n\n<p class=\"p1\"><span class=\"s1\"><em><strong>Dica:<\/strong> Quando visitar <a href=\"https:\/\/www.getyourguide.com.br\/fundacao-de-serralves-l5654\/porto-ingresso-museu-e-parque-de-serralves-t66545\/?partner_id=H93B56T&amp;cmp=portuenses-famosos\" target=\"_blank\" rel=\"noreferrer noopener sponsored nofollow\">a Funda\u00e7\u00e3o de Serralves<\/a> tire um tempinho para visitar a Casa do Cinema Manoel de Oliveira. \u00c9 um centro de refer\u00eancia do cinema inaugurado em 2019 com um projeto arquitet\u00f3nico de Siza Vieira e um \u00f3timo local para aprender tudo sobre o cinema portugu\u00eas!<\/em><\/span><\/p>\n\n\n\n<h3 class=\"p1 wp-block-heading\"><span class=\"s1\">Ant\u00f3nia Ferreira<\/span><\/h3>\n\n\n\n<figure class=\"wp-block-image alignnone wp-image-20143 size-full\"><img decoding=\"async\" src=\"\/wp-content\/uploads\/2019\/08\/dona-antonia-ferreira-empresaria-vinho-porto.jpg\" alt=\"dona antonia ferreira empresaria vinho porto\" class=\"wp-image-20143\"\/><figcaption>\u00a9 Porto Ferreira<\/figcaption><\/figure>\n\n\n\n<p>Se alguma vez comprou uma garrafa de Vinho do Porto, esteja onde estiver no mundo, a probabilidade de ter visto uma da Casa Ferreirinha \u00e9 bastante grande.<\/p>\n\n\n\n<p class=\"p1\">N\u00e3o podemos falar de portuenses famosos sem falar de Ant\u00f3nia Ferreira, uma das maiores personalidades da hist\u00f3ria do<span class=\"s1\">&nbsp;<a href=\"https:\/\/portoalities.com\/pt\/vinho-porto-totos\/\"><span class=\"s2\">Douro Vinhateiro e da produ\u00e7\u00e3o de Vinho do Porto.<\/span><\/a><\/span><\/p>\n\n\n\n<p>Dona Ant\u00f3nia nasceu e viveu no s\u00e9culo XIX e foi herdeira de uma vasta fortuna e muitas vinhas.<br>Enviuvada com 33 anos, tornou-se empres\u00e1ria por necessidade e atingiu excel\u00eancia nesse cargo. Era carinhosamente conhecida pelos seus empregados pelo diminutivo Ferreirinha, nome dado posteriormente ao vinho produzido nas suas vinhas.<\/p>\n\n\n\n<p class=\"p1\"><em><span class=\"s1\"><strong>Dica:<\/strong> pode descobrir mais sobre a Ferreirinha nas <a href=\"https:\/\/portoalities.com\/pt\/as-melhores-caves-de-vinho-do-porto\/\">caves de Vinho do Porto<\/a><\/span>&nbsp;Ferreira em Vila Nova de Gaia.<\/em><\/p>\n\n\n\n<h3 class=\"p1 wp-block-heading\"><span class=\"s1\">Sophia de Mello Breyner Andresen<\/span><\/h3>\n\n\n\n<figure class=\"wp-block-image alignnone wp-image-20144 size-full\"><img decoding=\"async\" src=\"\/wp-content\/uploads\/2019\/08\/sophia-de-mello-breyner-andresen-escritora-portuguesa.jpg\" alt=\"sophia de mello breyner andresen escritora portuguesa\" class=\"wp-image-20144\"\/><figcaption>\u00a9 NiT<\/figcaption><\/figure>\n\n\n\n<p>Uma das poetas mais famosas do s\u00e9culo XX, <span class=\"s1\">Sophia de Mello Breyner Andresen teve um impacto ineg\u00e1vel na cultura portuguesa.<\/span><br>Nascida em 1919, Sophia \u00e9 uma das portuenses famosos mais celebradas e foi muito laureada pela sua escrita prol\u00edfica.<\/p>\n\n\n\n<p class=\"p1\">\u00c9 conhecida particularmente pela sua poesia e contos para crian\u00e7as que s\u00e3o lidos e estudados como parte dos curr\u00edculos nas escolas. Sophia traduziu tamb\u00e9m Dante e Shakespeare para portugu\u00eas e esteve muito envolvida na vida pol\u00edtica em Portugal.<\/p>\n\n\n\n<p class=\"p1\"><span class=\"s1\">Sophia de Mello Breyner Andresen morreu em 2004, mas o seu legado est\u00e1 bem vivo.&nbsp;<\/span><\/p>\n\n\n\n<p class=\"p1\"><span class=\"s1\"><em><strong>Dica:<\/strong> Se estiver de visita ao Porto, aconselho a visitar o <a href=\"https:\/\/portoalities.com\/pt\/os-belos-parques-e-jardins-do-porto\/\"><span class=\"s2\">Jardim Bot\u00e2nico do Porto<\/span><\/a>, anteriormente conhecido como Casa Andresen e onde a escritora viveu parte da sua vida. L\u00e1 pode ver um busto feito em honra de Sophia, e digo-lhe que \u00e9&nbsp; um \u00f3timo lugar para descobrir a sua obra.<\/em><\/span><\/p>\n\n\n\n<h3 class=\"p1 wp-block-heading\"><span class=\"s1\">Rosa Mota<\/span><\/h3>\n\n\n\n<figure class=\"wp-block-image alignnone wp-image-20168 size-full\"><img decoding=\"async\" src=\"\/wp-content\/uploads\/2019\/08\/rosa-mota-maratonista-portuenses-famosos.jpg\" alt=\"rosa mota maratonista portuenses famosos\" class=\"wp-image-20168\"\/><figcaption>\u00a9 Runner&#8217;s World<\/figcaption><\/figure>\n\n\n\n<p class=\"p1\"><span class=\"s1\">Rosa Mota nasceu no Porto em 1958. A primeira coisa que precisa de saber acerca da Rosa Mota \u00e9 que ela foi distinguida como uma das melhores maratonistas dos s\u00e9culo XX.<\/span><\/p>\n\n\n\n<p class=\"p1\">Tem um impressionante arsenal de medalhas e \u00e9 uma das portuenses famosos que elevou o seu desporto \u00e0 excel\u00eancia m\u00e1xima.<\/p>\n\n\n\n<p class=\"p1\">Depois de ter ganho a medalha de ouro nos Jogos Ol\u00edmpicos de Seul em 1988, tornou-se a \u00fanica mulher a ser campe\u00e3 europeia, mundial e ol\u00edmpica ao mesmo tempo.<\/p>\n\n\n\n<p class=\"p1\">Afastada das competi\u00e7\u00f5es desde 1992, Rosa Mota deixou de correr profissionalmente mas a sua popularidade em Portugal nunca diminui e continua a ser uma das figuras do desporto mais adoradas no pa\u00eds.<\/p>\n\n\n\n<p class=\"p1\">Um dos marcos da cidade do Porto<span class=\"s1\">, o <a href=\"https:\/\/portoalities.com\/pt\/150-anos-do-desaparecido-palacio-de-cristal\/\"><span class=\"s2\">Pal\u00e1cio de Cristal<\/span><\/a>, foi renomeado em 1991 para honrar a desportista mais ilustre da cidade. Apesar de serem usados de forma intercambi\u00e1vel (ainda n\u00e3o conseguimos esquecer o antigo nome) o seu nome formal \u00e9 Pavilh\u00e3o Rosa Mota.<\/span><\/p>\n\n\n\n<h3 class=\"p1 wp-block-heading\"><span class=\"s1\">S\u00e1 Carneiro<\/span><\/h3>\n\n\n\n<figure class=\"wp-block-image alignnone wp-image-20169 size-full\"><img decoding=\"async\" src=\"\/wp-content\/uploads\/2019\/08\/francisco-sa-carneiro-portuenses-famosos.jpeg\" alt=\"francisco sa carneiro portuenses famosos\" class=\"wp-image-20169\"\/><figcaption>\u00a9 Sapo<\/figcaption><\/figure>\n\n\n\n<p class=\"p1\"><span class=\"s1\">Francisco de S\u00e1 Carneiro era um advogado e pol\u00edtico nascido em Santo Ildefonso, Porto.<\/span><\/p>\n\n\n\n<p class=\"p1\">\u00c9 reconhecido por ter sido um dos fundadores de um dos maiores partidos pol\u00edticos de Portugal, o Partido Social Democrata.<\/p>\n\n\n\n<p class=\"p1\">O partido foi fundado em Maio de 1974 depois do final da ditadura em Portugal (que foi abolida depois da Revolu\u00e7\u00e3o dos Cravos a 25 de Abril de 1974) e S\u00e1 Carneiro tornou-se o seu primeiro presidente.<\/p>\n\n\n\n<p class=\"p1\"><span class=\"s1\">S\u00e1 Carneiro tornou-se subsequentemente Primeiro-Ministro de Portugal em Janeiro de 1980, mas o seu mandato durou apenas onze meses.<\/span><\/p>\n\n\n\n<p class=\"p1\">Morreu em Dezembro do mesmo ano quando o avi\u00e3o em que viajava de Lisboa para o Porto para assistir a uma comiss\u00e3o partid\u00e1ria caiu pouco depois da descolagem.<\/p>\n\n\n\n<p class=\"p1\">Ironicamente, se vai viajar ou j\u00e1 viajou at\u00e9 ao Porto provavelmente reconhece o seu nome por causa do <span class=\"s1\"><a href=\"https:\/\/portoalities.com\/pt\/guia-de-transferes-do-aeroporto-do-porto\/\"><span class=\"s2\">Aeroporto Internacional do Porto<\/span><\/a>. Foi renomeado Aeroporto S\u00e1 Carneiro em sua honra (apesar de algumas pessoas o acharem um qu\u00ea insens\u00edvel).<\/span><\/p>\n\n\n\n<h3 class=\"p1 wp-block-heading\"><span class=\"s1\">Soares dos Reis<\/span><\/h3>\n\n\n\n<figure class=\"wp-block-image alignnone wp-image-20147 size-full\"><img decoding=\"async\" src=\"\/wp-content\/uploads\/2019\/08\/soares-dos-reis-por-marques-do-oliveira.jpeg\" alt=\"soares dos reis por marques do oliveira\" class=\"wp-image-20147\"\/><figcaption>\u00a9 Wikipedia<\/figcaption><\/figure>\n\n\n\n<p>Um dos mais \u00fanicos portuenses famosos, Ant\u00f3nio Soares dos Reis \u00e9 um marco da escultura portuguesa.<\/p>\n\n\n\n<p class=\"p1\">Nascido em 1847 em Vila Nova de Gaia e educado na&nbsp;<span class=\"s1\">Academia Portuense de Belas Artes, Soares dos Reis viajou pela Europa para aperfei\u00e7oar a sua arte, e fez paragens not\u00e1veis em Fran\u00e7a (onde foi estudante de Jouffroy) e em Roma.<\/span><\/p>\n\n\n\n<p>De Roma trouxe, inacabada, a sua mais importante obra,&nbsp;<em>O desterrado.<\/em><br>Outras pe\u00e7as not\u00e1veis incluem o monumento ao primeiro rei de Portugal, D. Afonso Henriques localizada em Guimar\u00e3es (o ber\u00e7o da na\u00e7\u00e3o),<span class=\"s1\">&nbsp;<i>A riqueza<\/i>, <i>Flor agreste e<\/i>&nbsp;<i>O b\u00eabado.<\/i><\/span><\/p>\n\n\n\n<p class=\"p1\"><span class=\"s1\"><strong>Dica:<\/strong> Conhe\u00e7a as obras do mestre no <a href=\"https:\/\/portoalities.com\/pt\/melhores-museus-porto\/\"><span class=\"s2\">Museu Soares dos Reis<\/span><\/a> no Porto. \u00c9 um belo local para visitas e, para al\u00e9m da arte, tem um lindo e pequeno jardim de cam\u00e9lias.<\/span><\/p>\n\n\n\n<h3 class=\"p1 wp-block-heading\"><span class=\"s1\">Almeida Garrett<\/span><\/h3>\n\n\n\n<figure class=\"wp-block-image alignnone wp-image-20170 size-full\"><img decoding=\"async\" src=\"\/wp-content\/uploads\/2019\/08\/almeida-garrett-escritor-portuenses-famosos.jpg\" alt=\"almeida garrett escritor portuenses famosos\" class=\"wp-image-20170\"\/><figcaption>\u00a9 Wikipedia<\/figcaption><\/figure>\n\n\n\n<p class=\"p1\"><span class=\"s1\">Almeida Garrett \u00e9 conhecido por ser a figura principal do Romantismo portugu\u00eas e um dos portuenses famosos mais ilustres.&nbsp;<\/span><\/p>\n\n\n\n<p class=\"p1\">Com Camilo Castelo Branco e J\u00falio Dinis, outro escritor famoso nativo do Porto, Garrett escreveu principalmente dentro dos proponentes do movimento rom\u00e2ntico.<\/p>\n\n\n\n<p class=\"p1\">Exemplos not\u00e1veis do seu trabalho s\u00e3o <span class=\"s1\"><i>Frei Lu\u00eds de Sousa<\/i> e&nbsp;<em>Romanceiro<\/em> que exploram temas de independ\u00eancia nacional, amor e religi\u00e3o.<\/span><\/p>\n\n\n\n<p>Foi tamb\u00e9m pol\u00edtico e participou na Revolu\u00e7\u00e3o Liberal que come\u00e7ou como uma revolta militar no Porto e no Cerco do Porto em 1832.<\/p>\n\n\n\n<h3 class=\"p2 wp-block-heading\"><span class=\"s1\">Rui Veloso<\/span><\/h3>\n\n\n\n<figure class=\"wp-block-image alignnone wp-image-20149 size-full\"><img decoding=\"async\" src=\"\/wp-content\/uploads\/2019\/08\/rui-veloso-1980-portuenses-famosos.jpeg\" alt=\"rui veloso 1980 portuenses famosos\" class=\"wp-image-20149\"\/><figcaption>\u00a9 Blitz<\/figcaption><\/figure>\n\n\n\n<p>Termin\u00e1mos com um artista que n\u00e3o nasceu no Porto mas que veio viver para c\u00e1 com apenas tr\u00eas meses de idade e cujo amor pela cidade \u00e9 evidente no seu trabalho.<br>Na lista de portuenses famosos, Rui Veloso destaca-se por ser o ep\u00edtome da m\u00fasica rock do pa\u00eds.<\/p>\n\n\n\n<p class=\"p2\">O seu \u00e1lbum <em>Ar de Rock<\/em> de 1980 \u00e9 considerado o mais importante percursor da explos\u00e3o da m\u00fasica rock nos anos 80 e ele \u00e9 uma influ\u00eancia para m\u00fasicos at\u00e9 hoje.<\/p>\n\n\n\n<p class=\"p2\">\u00c9 um dos m\u00fasicos portugueses mais produtivos e escreveu muitos sucessos musicais e tocou at\u00e9 v\u00e1rias vezes com B. B. King.<\/p>\n\n\n\n<h4 class=\"wp-block-heading\">Guarde este artigo para mais tarde:<\/h4>\n\n\n\n<div class=\"wp-block-columns is-layout-flex wp-container-core-columns-is-layout-9d6595d7 wp-block-columns-is-layout-flex\">\n<div class=\"wp-block-column is-layout-flow wp-block-column-is-layout-flow\">\n<figure class=\"wp-block-image size-large\"><img loading=\"lazy\" decoding=\"async\" width=\"325\" height=\"487\" src=\"http:\/\/portoalities.com\/wp-content\/uploads\/2019\/08\/pessoas-famosas-porto-portugal-sara-sampaio.jpg\" alt=\"pessoas famosas porto portugal sara sampaio\" class=\"wp-image-36690\" srcset=\"https:\/\/portoalities.com\/wp-content\/uploads\/2019\/08\/pessoas-famosas-porto-portugal-sara-sampaio.jpg 325w, https:\/\/portoalities.com\/wp-content\/uploads\/2019\/08\/pessoas-famosas-porto-portugal-sara-sampaio-200x300.jpg 200w\" sizes=\"auto, (max-width: 325px) 100vw, 325px\" \/><\/figure>\n<\/div>\n\n\n\n<div class=\"wp-block-column is-layout-flow wp-block-column-is-layout-flow\">\n<figure class=\"wp-block-image size-large\"><img loading=\"lazy\" decoding=\"async\" width=\"325\" height=\"487\" src=\"http:\/\/portoalities.com\/wp-content\/uploads\/2019\/08\/pessoas-famosas-porto-portugal-rosa-mota.jpg\" alt=\"pessoas famosas porto portugal rosa mota\" class=\"wp-image-36689\" srcset=\"https:\/\/portoalities.com\/wp-content\/uploads\/2019\/08\/pessoas-famosas-porto-portugal-rosa-mota.jpg 325w, https:\/\/portoalities.com\/wp-content\/uploads\/2019\/08\/pessoas-famosas-porto-portugal-rosa-mota-200x300.jpg 200w\" sizes=\"auto, (max-width: 325px) 100vw, 325px\" \/><\/figure>\n<\/div>\n<\/div>\n","protected":false},"excerpt":{"rendered":"<p>Ao longo dos anos temos escrito acerca dos mais variados aspectos do Porto e da vida portuense. Desde as ruas\u2026<\/p>\n","protected":false},"author":2,"featured_media":111446,"comment_status":"open","ping_status":"closed","sticky":false,"template":"","format":"standard","meta":{"footnotes":""},"categories":[140],"tags":[5723,5538,5724,5725,5726,5727,5728,5729,5730,5731],"class_list":["post-111444","post","type-post","status-publish","format-standard","has-post-thumbnail","hentry","category-cultura_local","tag-almeida-garrett-pt","tag-arquitetura-pt","tag-literatura-pt","tag-musica-pt-2","tag-portuenses-famosos-pt","tag-rosa-mota-pt","tag-sara-sampaio-pt","tag-siza-vieira-pt-2","tag-soares-dos-reis-pt-2","tag-souto-de-moura-pt-2"],"yoast_head":"<!-- This site is optimized with the Yoast SEO plugin v27.2 - https:\/\/yoast.com\/product\/yoast-seo-wordpress\/ -->\n<title>Portuenses famosos: descubra quais s\u00e3o | Blog Portoalities: Travel blog and Private tours in Porto and Douro Valley<\/title>\n<meta name=\"description\" content=\"Muitas coisas tornam o Porto famoso: a gastronomia, o vinho, os monumentos... mas chegou a altura de olharmos para os Portuenses famosos!\" \/>\n<meta name=\"robots\" content=\"index, follow, max-snippet:-1, max-image-preview:large, max-video-preview:-1\" \/>\n<link rel=\"canonical\" href=\"https:\/\/portoalities.com\/en\/famous-portuguese-people-from-porto\/\" \/>\n<meta property=\"og:locale\" content=\"pt_PT\" \/>\n<meta property=\"og:type\" content=\"article\" \/>\n<meta property=\"og:title\" content=\"Portuenses famosos: descubra quais s\u00e3o | Blog Portoalities: Travel blog and Private tours in Porto and Douro Valley\" \/>\n<meta property=\"og:description\" content=\"Muitas coisas tornam o Porto famoso: a gastronomia, o vinho, os monumentos... mas chegou a altura de olharmos para os Portuenses famosos!\" \/>\n<meta property=\"og:url\" content=\"https:\/\/portoalities.com\/en\/famous-portuguese-people-from-porto\/\" \/>\n<meta property=\"og:site_name\" content=\"Portoalities: Travel blog and Private tours in Porto and Douro Valley\" \/>\n<meta property=\"article:published_time\" content=\"2019-08-21T10:50:22+00:00\" \/>\n<meta property=\"og:image\" content=\"https:\/\/portoalities.com\/wp-content\/uploads\/2019\/08\/portuenses-famosos-1.jpg\" \/>\n\t<meta property=\"og:image:width\" content=\"1440\" \/>\n\t<meta property=\"og:image:height\" content=\"696\" \/>\n\t<meta property=\"og:image:type\" content=\"image\/jpeg\" \/>\n<meta name=\"author\" content=\"Sara Riobom\" \/>\n<meta name=\"twitter:card\" content=\"summary_large_image\" \/>\n<meta name=\"twitter:label1\" content=\"Escrito por\" \/>\n\t<meta name=\"twitter:data1\" content=\"Sara Riobom\" \/>\n\t<meta name=\"twitter:label2\" content=\"Tempo estimado de leitura\" \/>\n\t<meta name=\"twitter:data2\" content=\"10 minutos\" \/>\n<script type=\"application\/ld+json\" class=\"yoast-schema-graph\">{\"@context\":\"https:\/\/schema.org\",\"@graph\":[{\"@type\":\"Article\",\"@id\":\"https:\/\/portoalities.com\/en\/famous-portuguese-people-from-porto\/#article\",\"isPartOf\":{\"@id\":\"https:\/\/portoalities.com\/en\/famous-portuguese-people-from-porto\/\"},\"author\":{\"name\":\"Sara Riobom\",\"@id\":\"https:\/\/portoalities.com\/en\/#\/schema\/person\/cb68c63070fb38b0626d5a51a01df322\"},\"headline\":\"Portuenses famosos\",\"datePublished\":\"2019-08-21T10:50:22+00:00\",\"mainEntityOfPage\":{\"@id\":\"https:\/\/portoalities.com\/en\/famous-portuguese-people-from-porto\/\"},\"wordCount\":1661,\"commentCount\":0,\"image\":{\"@id\":\"https:\/\/portoalities.com\/en\/famous-portuguese-people-from-porto\/#primaryimage\"},\"thumbnailUrl\":\"https:\/\/portoalities.com\/wp-content\/uploads\/2019\/08\/portuenses-famosos-1.jpg\",\"keywords\":[\"almeida garrett\",\"arquitetura\",\"literatura\",\"musica\",\"portuenses famosos\",\"rosa mota\",\"sara sampaio\",\"siza vieira\",\"soares dos reis\",\"Souto de Moura\"],\"articleSection\":[\"Cultura Local\"],\"inLanguage\":\"pt-PT\",\"potentialAction\":[{\"@type\":\"CommentAction\",\"name\":\"Comment\",\"target\":[\"https:\/\/portoalities.com\/en\/famous-portuguese-people-from-porto\/#respond\"]}]},{\"@type\":\"WebPage\",\"@id\":\"https:\/\/portoalities.com\/en\/famous-portuguese-people-from-porto\/\",\"url\":\"https:\/\/portoalities.com\/en\/famous-portuguese-people-from-porto\/\",\"name\":\"Portuenses famosos: descubra quais s\u00e3o | Blog Portoalities: Travel blog and Private tours in Porto and Douro Valley\",\"isPartOf\":{\"@id\":\"https:\/\/portoalities.com\/en\/#website\"},\"primaryImageOfPage\":{\"@id\":\"https:\/\/portoalities.com\/en\/famous-portuguese-people-from-porto\/#primaryimage\"},\"image\":{\"@id\":\"https:\/\/portoalities.com\/en\/famous-portuguese-people-from-porto\/#primaryimage\"},\"thumbnailUrl\":\"https:\/\/portoalities.com\/wp-content\/uploads\/2019\/08\/portuenses-famosos-1.jpg\",\"datePublished\":\"2019-08-21T10:50:22+00:00\",\"author\":{\"@id\":\"https:\/\/portoalities.com\/en\/#\/schema\/person\/cb68c63070fb38b0626d5a51a01df322\"},\"description\":\"Muitas coisas tornam o Porto famoso: a gastronomia, o vinho, os monumentos... mas chegou a altura de olharmos para os Portuenses famosos!\",\"breadcrumb\":{\"@id\":\"https:\/\/portoalities.com\/en\/famous-portuguese-people-from-porto\/#breadcrumb\"},\"inLanguage\":\"pt-PT\",\"potentialAction\":[{\"@type\":\"ReadAction\",\"target\":[\"https:\/\/portoalities.com\/en\/famous-portuguese-people-from-porto\/\"]}]},{\"@type\":\"ImageObject\",\"inLanguage\":\"pt-PT\",\"@id\":\"https:\/\/portoalities.com\/en\/famous-portuguese-people-from-porto\/#primaryimage\",\"url\":\"https:\/\/portoalities.com\/wp-content\/uploads\/2019\/08\/portuenses-famosos-1.jpg\",\"contentUrl\":\"https:\/\/portoalities.com\/wp-content\/uploads\/2019\/08\/portuenses-famosos-1.jpg\",\"width\":1440,\"height\":696},{\"@type\":\"BreadcrumbList\",\"@id\":\"https:\/\/portoalities.com\/en\/famous-portuguese-people-from-porto\/#breadcrumb\",\"itemListElement\":[{\"@type\":\"ListItem\",\"position\":1,\"name\":\"Home\",\"item\":\"https:\/\/portoalities.com\/pt\/\"},{\"@type\":\"ListItem\",\"position\":2,\"name\":\"Portuenses famosos\"}]},{\"@type\":\"WebSite\",\"@id\":\"https:\/\/portoalities.com\/en\/#website\",\"url\":\"https:\/\/portoalities.com\/en\/\",\"name\":\"Portoalities: Travel blog and Private tours in Porto and Douro Valley\",\"description\":\"\",\"potentialAction\":[{\"@type\":\"SearchAction\",\"target\":{\"@type\":\"EntryPoint\",\"urlTemplate\":\"https:\/\/portoalities.com\/en\/?s={search_term_string}\"},\"query-input\":{\"@type\":\"PropertyValueSpecification\",\"valueRequired\":true,\"valueName\":\"search_term_string\"}}],\"inLanguage\":\"pt-PT\"},{\"@type\":\"Person\",\"@id\":\"https:\/\/portoalities.com\/en\/#\/schema\/person\/cb68c63070fb38b0626d5a51a01df322\",\"name\":\"Sara Riobom\",\"image\":{\"@type\":\"ImageObject\",\"inLanguage\":\"pt-PT\",\"@id\":\"https:\/\/secure.gravatar.com\/avatar\/6764ebba4aa7786e195117c34a39ff7ac9f35e29c06b40c36875d0895f86d70d?s=96&d=mm&r=g\",\"url\":\"https:\/\/secure.gravatar.com\/avatar\/6764ebba4aa7786e195117c34a39ff7ac9f35e29c06b40c36875d0895f86d70d?s=96&d=mm&r=g\",\"contentUrl\":\"https:\/\/secure.gravatar.com\/avatar\/6764ebba4aa7786e195117c34a39ff7ac9f35e29c06b40c36875d0895f86d70d?s=96&d=mm&r=g\",\"caption\":\"Sara Riobom\"},\"url\":\"https:\/\/portoalities.com\/pt\/author\/sara-riobom\/\"}]}<\/script>\n<!-- \/ Yoast SEO plugin. -->","yoast_head_json":{"title":"Portuenses famosos: descubra quais s\u00e3o | Blog Portoalities: Travel blog and Private tours in Porto and Douro Valley","description":"Muitas coisas tornam o Porto famoso: a gastronomia, o vinho, os monumentos... mas chegou a altura de olharmos para os Portuenses famosos!","robots":{"index":"index","follow":"follow","max-snippet":"max-snippet:-1","max-image-preview":"max-image-preview:large","max-video-preview":"max-video-preview:-1"},"canonical":"https:\/\/portoalities.com\/en\/famous-portuguese-people-from-porto\/","og_locale":"pt_PT","og_type":"article","og_title":"Portuenses famosos: descubra quais s\u00e3o | Blog Portoalities: Travel blog and Private tours in Porto and Douro Valley","og_description":"Muitas coisas tornam o Porto famoso: a gastronomia, o vinho, os monumentos... mas chegou a altura de olharmos para os Portuenses famosos!","og_url":"https:\/\/portoalities.com\/en\/famous-portuguese-people-from-porto\/","og_site_name":"Portoalities: Travel blog and Private tours in Porto and Douro Valley","article_published_time":"2019-08-21T10:50:22+00:00","og_image":[{"width":1440,"height":696,"url":"https:\/\/portoalities.com\/wp-content\/uploads\/2019\/08\/portuenses-famosos-1.jpg","type":"image\/jpeg"}],"author":"Sara Riobom","twitter_card":"summary_large_image","twitter_misc":{"Escrito por":"Sara Riobom","Tempo estimado de leitura":"10 minutos"},"schema":{"@context":"https:\/\/schema.org","@graph":[{"@type":"Article","@id":"https:\/\/portoalities.com\/en\/famous-portuguese-people-from-porto\/#article","isPartOf":{"@id":"https:\/\/portoalities.com\/en\/famous-portuguese-people-from-porto\/"},"author":{"name":"Sara Riobom","@id":"https:\/\/portoalities.com\/en\/#\/schema\/person\/cb68c63070fb38b0626d5a51a01df322"},"headline":"Portuenses famosos","datePublished":"2019-08-21T10:50:22+00:00","mainEntityOfPage":{"@id":"https:\/\/portoalities.com\/en\/famous-portuguese-people-from-porto\/"},"wordCount":1661,"commentCount":0,"image":{"@id":"https:\/\/portoalities.com\/en\/famous-portuguese-people-from-porto\/#primaryimage"},"thumbnailUrl":"https:\/\/portoalities.com\/wp-content\/uploads\/2019\/08\/portuenses-famosos-1.jpg","keywords":["almeida garrett","arquitetura","literatura","musica","portuenses famosos","rosa mota","sara sampaio","siza vieira","soares dos reis","Souto de Moura"],"articleSection":["Cultura Local"],"inLanguage":"pt-PT","potentialAction":[{"@type":"CommentAction","name":"Comment","target":["https:\/\/portoalities.com\/en\/famous-portuguese-people-from-porto\/#respond"]}]},{"@type":"WebPage","@id":"https:\/\/portoalities.com\/en\/famous-portuguese-people-from-porto\/","url":"https:\/\/portoalities.com\/en\/famous-portuguese-people-from-porto\/","name":"Portuenses famosos: descubra quais s\u00e3o | Blog Portoalities: Travel blog and Private tours in Porto and Douro Valley","isPartOf":{"@id":"https:\/\/portoalities.com\/en\/#website"},"primaryImageOfPage":{"@id":"https:\/\/portoalities.com\/en\/famous-portuguese-people-from-porto\/#primaryimage"},"image":{"@id":"https:\/\/portoalities.com\/en\/famous-portuguese-people-from-porto\/#primaryimage"},"thumbnailUrl":"https:\/\/portoalities.com\/wp-content\/uploads\/2019\/08\/portuenses-famosos-1.jpg","datePublished":"2019-08-21T10:50:22+00:00","author":{"@id":"https:\/\/portoalities.com\/en\/#\/schema\/person\/cb68c63070fb38b0626d5a51a01df322"},"description":"Muitas coisas tornam o Porto famoso: a gastronomia, o vinho, os monumentos... mas chegou a altura de olharmos para os Portuenses famosos!","breadcrumb":{"@id":"https:\/\/portoalities.com\/en\/famous-portuguese-people-from-porto\/#breadcrumb"},"inLanguage":"pt-PT","potentialAction":[{"@type":"ReadAction","target":["https:\/\/portoalities.com\/en\/famous-portuguese-people-from-porto\/"]}]},{"@type":"ImageObject","inLanguage":"pt-PT","@id":"https:\/\/portoalities.com\/en\/famous-portuguese-people-from-porto\/#primaryimage","url":"https:\/\/portoalities.com\/wp-content\/uploads\/2019\/08\/portuenses-famosos-1.jpg","contentUrl":"https:\/\/portoalities.com\/wp-content\/uploads\/2019\/08\/portuenses-famosos-1.jpg","width":1440,"height":696},{"@type":"BreadcrumbList","@id":"https:\/\/portoalities.com\/en\/famous-portuguese-people-from-porto\/#breadcrumb","itemListElement":[{"@type":"ListItem","position":1,"name":"Home","item":"https:\/\/portoalities.com\/pt\/"},{"@type":"ListItem","position":2,"name":"Portuenses famosos"}]},{"@type":"WebSite","@id":"https:\/\/portoalities.com\/en\/#website","url":"https:\/\/portoalities.com\/en\/","name":"Portoalities: Travel blog and Private tours in Porto and Douro Valley","description":"","potentialAction":[{"@type":"SearchAction","target":{"@type":"EntryPoint","urlTemplate":"https:\/\/portoalities.com\/en\/?s={search_term_string}"},"query-input":{"@type":"PropertyValueSpecification","valueRequired":true,"valueName":"search_term_string"}}],"inLanguage":"pt-PT"},{"@type":"Person","@id":"https:\/\/portoalities.com\/en\/#\/schema\/person\/cb68c63070fb38b0626d5a51a01df322","name":"Sara Riobom","image":{"@type":"ImageObject","inLanguage":"pt-PT","@id":"https:\/\/secure.gravatar.com\/avatar\/6764ebba4aa7786e195117c34a39ff7ac9f35e29c06b40c36875d0895f86d70d?s=96&d=mm&r=g","url":"https:\/\/secure.gravatar.com\/avatar\/6764ebba4aa7786e195117c34a39ff7ac9f35e29c06b40c36875d0895f86d70d?s=96&d=mm&r=g","contentUrl":"https:\/\/secure.gravatar.com\/avatar\/6764ebba4aa7786e195117c34a39ff7ac9f35e29c06b40c36875d0895f86d70d?s=96&d=mm&r=g","caption":"Sara Riobom"},"url":"https:\/\/portoalities.com\/pt\/author\/sara-riobom\/"}]}},"_links":{"self":[{"href":"https:\/\/portoalities.com\/pt\/wp-json\/wp\/v2\/posts\/111444","targetHints":{"allow":["GET"]}}],"collection":[{"href":"https:\/\/portoalities.com\/pt\/wp-json\/wp\/v2\/posts"}],"about":[{"href":"https:\/\/portoalities.com\/pt\/wp-json\/wp\/v2\/types\/post"}],"author":[{"embeddable":true,"href":"https:\/\/portoalities.com\/pt\/wp-json\/wp\/v2\/users\/2"}],"replies":[{"embeddable":true,"href":"https:\/\/portoalities.com\/pt\/wp-json\/wp\/v2\/comments?post=111444"}],"version-history":[{"count":0,"href":"https:\/\/portoalities.com\/pt\/wp-json\/wp\/v2\/posts\/111444\/revisions"}],"wp:featuredmedia":[{"embeddable":true,"href":"https:\/\/portoalities.com\/pt\/wp-json\/wp\/v2\/media\/111446"}],"wp:attachment":[{"href":"https:\/\/portoalities.com\/pt\/wp-json\/wp\/v2\/media?parent=111444"}],"wp:term":[{"taxonomy":"category","embeddable":true,"href":"https:\/\/portoalities.com\/pt\/wp-json\/wp\/v2\/categories?post=111444"},{"taxonomy":"post_tag","embeddable":true,"href":"https:\/\/portoalities.com\/pt\/wp-json\/wp\/v2\/tags?post=111444"}],"curies":[{"name":"wp","href":"https:\/\/api.w.org\/{rel}","templated":true}]}}