{"id":111562,"date":"2018-03-26T15:56:12","date_gmt":"2018-03-26T15:56:12","guid":{"rendered":"https:\/\/portoalities.com\/art-deco-no-porto-edificios-a-nao-perder\/"},"modified":"2018-03-26T15:56:12","modified_gmt":"2018-03-26T15:56:12","slug":"art-deco-no-porto-edificios-a-nao-perder","status":"publish","type":"post","link":"https:\/\/portoalities.com\/pt\/art-deco-no-porto-edificios-a-nao-perder\/","title":{"rendered":"Art deco no Porto: edif\u00edcios a n\u00e3o perder"},"content":{"rendered":"\n<p>A Exposi\u00e7\u00e3o Internacional de Artes Decorativas e Industriais Modernas de 1925, em Paris, foi um ponto de viragem na arquitetura moderna.<br>A exposi\u00e7\u00e3o \u00e9 creditada pelo crescimento global da <em>Art Deco<\/em>, entre as Guerras Mundiais e imediatamente ap\u00f3s o final da Segunda Guerra Mundial.<\/p>\n\n\n\n<p>E, como em muitas outras cidades do mundo, o Porto n\u00e3o foi imune a essa influ\u00eancia arquitet\u00f3nica. Latia o desejo pela novidade, especialmente depois da Primeira Guerra Mundial, pelo que muitos arquitetos portugueses de renome adoptaram a Art Deco e seu trabalho ainda hoje &#8220;est\u00e1 de p\u00e9&#8221;, sendo valorizado e protegido.<br>Neste artigo exploro os melhores exemplos de Art Deco no Porto. No entanto, este estilo arquitet\u00f3nico n\u00e3o \u00e9 exclusivo dos exemplos mencionados, existindo muitos outros edif\u00edcios que valem a pena ser explorados.<\/p>\n\n\n\n<h2 class=\"wp-block-heading\">Eis os meus edif\u00edcios preferidos de Art Deco no Porto:<\/h2>\n\n\n\n<h3 class=\"wp-block-heading\"><strong>O Com\u00e9rcio do Porto (1930)<\/strong><\/h3>\n\n\n\n<h5 class=\"wp-block-heading\">Avenida dos Aliados | Porto<\/h5>\n\n\n\n<figure class=\"wp-block-image alignnone size-full wp-image-13602\"><img decoding=\"async\" src=\"\/wp-content\/uploads\/2018\/03\/edificios-arte-deco-avenida-aliados-porto.jpg\" alt=\"\" class=\"wp-image-13602\"\/><figcaption>\u00a9 Jornal de Not\u00edcias<\/figcaption><\/figure>\n\n\n\n<p>Este belo edif\u00edcio na Avenida dos Aliados foi a casa do jornal mais antigo de Portugal continental, o jornal \u201cCom\u00e9rcio do Porto\u201d viveu 151 anos antes de ser suspenso em 2005.<br>N\u00e3o podemos falar de Art Deco no Porto sem mencionar Rog\u00e9rio de Azevedo, o arquiteto do edif\u00edcio do jornal.<br>Ao conceber o edif\u00edcio do Com\u00e9rcio do Porto, R. Azevedo levou em considera\u00e7\u00e3o os edif\u00edcios circundantes, existindo uma evidente harmonia entre todos. O arquiteto construiu muitos edif\u00edcios de Art Deco no Porto, incluindo um na Rua de Santa Catarina, 533.<br>Em 2016, soube-se que o edif\u00edcio Com\u00e9rcio do Porto foi comprado por uma empresa imobili\u00e1ria para se transformar em apartamentos de luxo. Os novos propriet\u00e1rios foram obrigados a preservar a estrutura original do edif\u00edcio.<br><em>Como chega l\u00e1r: a esta\u00e7\u00e3o de metro dos Aliados fica mesmo em frente.<\/em><\/p>\n\n\n\n<h3 class=\"wp-block-heading\"><strong>Caixa Geral de Dep\u00f3sitos (1931)<\/strong><\/h3>\n\n\n\n<h5 class=\"wp-block-heading\">Avenida dos Aliados | Porto<\/h5>\n\n\n\n<figure class=\"wp-block-image alignnone size-full wp-image-13572\"><img decoding=\"async\" src=\"\/wp-content\/uploads\/2018\/03\/caixa-geral-depositos-art-deco-building-porto.jpg\" alt=\"\" class=\"wp-image-13572\"\/><figcaption>\u00a9 Porto24<\/figcaption><\/figure>\n\n\n\n<p>Ainda na Avenida dos Aliados, fica o edif\u00edcio do banco portugu\u00eas Caixa Geral de Dep\u00f3sitos. O banco foi projetado por Porf\u00edrio Pardal Monteiro a partir de 1924. Para dar in\u00edcio ao projeto, v\u00e1rios pr\u00e9dios da mesma rua foram demolidos e o material foi colocado \u00e0 venda.<br>Em 1931, uma revista de arquitectura descreveu o edif\u00edcio como &#8220;uma moderniza\u00e7\u00e3o do cl\u00e1ssico&#8221;. O exterior e o interior s\u00e3o grandes emblemas do Art Deco do s\u00e9culo XX no Porto.<br><em>Como chegar l\u00e1: a esta\u00e7\u00e3o de metro dos Aliados fica mesmo em frente.<\/em><\/p>\n\n\n\n<h3 class=\"wp-block-heading\">Teatro Rivoli&nbsp;(1932)<\/h3>\n\n\n\n<h5 class=\"wp-block-heading\">Rua do Bonjardim, 143 | Porto<\/h5>\n\n\n\n<figure class=\"wp-block-image alignnone size-full wp-image-13606\"><img decoding=\"async\" src=\"\/wp-content\/uploads\/2018\/03\/fachada-rivoli-teatro-municipal-porto.jpg\" alt=\"\" class=\"wp-image-13606\"\/><figcaption>\u00a9 C\u00e2mara Municipal do Porto<\/figcaption><\/figure>\n\n\n\n<p>O Rivoli \u00e9 um teatro municipal conhecido por incorporar a Art Deco no Porto. Em 1913, o edif\u00edcio chamava-se Teatro Nacional. Mas, para acompanhar as muitas mudan\u00e7as urbanas que ocorreram no Porto, o Teatro Rivoli foi transformado na obra-prima que vemos hoje. O arquiteto designado para o projeto foi J\u00falio de Brito (1923).<br>No final dos anos 90 o Rivoli passou por uma restaura\u00e7\u00e3o completa. Passou, posteriormente, um per\u00edodo em que este &#8220;entregue \u00e0 bicharada&#8221; (leia-se, aos espet\u00e1culos do La Feria). Felizmente, a gest\u00e3o do Rivoli passou outra vez para a C\u00e2mara Municipal do Porto que, atrav\u00e9s de um jovem e competente diretor, hoje em dia apresenta uma programa\u00e7\u00e3o diversificada e acess\u00edvel de pe\u00e7as de dan\u00e7a, m\u00fasica, teatro, cinema, e de circo contempor\u00e2neo.<br><em>Como chegar l\u00e1: a esta\u00e7\u00e3o de metro dos Aliados fica a 5 minutos a p\u00e9.<\/em><\/p>\n\n\n\n<h3 class=\"wp-block-heading\">Farm\u00e1cia Vit\u00e1lia&nbsp;(1933)<\/h3>\n\n\n\n<h5 class=\"wp-block-heading\">Pra\u00e7a Liberdade, 34 | Porto<\/h5>\n\n\n\n<figure class=\"wp-block-image alignnone size-full wp-image-13604\"><img decoding=\"async\" src=\"\/wp-content\/uploads\/2018\/03\/fachada-arte-deco-farmacia-vitalia-porto.jpg\" alt=\"\" class=\"wp-image-13604\"\/><figcaption>\u00a9 Carmelo Peci\u00f1a<\/figcaption><\/figure>\n\n\n\n<p>Esta farm\u00e1cia enorme est\u00e1 localizada na Pra\u00e7a da Liberdade e foi projetada por Amoroso Lopes e Manuel Marques &#8211; dois dos mais importantes arquitetos modernos do s\u00e9culo XX. O edif\u00edcio est\u00e1 dentro de um antigo pal\u00e1cio (Pal\u00e1cio das Cardosas), onde o <a href=\"http:\/\/www.booking.com\/hotel\/pt\/intercontinental.html?aid=1186505&amp;no_rooms=1&amp;group_adults=1&amp;label=edificios-arte-deco\" target=\"_blank\" rel=\"noreferrer noopener sponsored nofollow\">InterContinental Porto &#8211; Pal\u00e1cio das Cardosas<\/a>, um dos <a href=\"https:\/\/portoalities.com\/pt\/os-melhores-hoteis-de-luxo-no-porto\/\">melhores hot\u00e9is de luxo do Porto<\/a>, est\u00e1 situado.<br>A simetria, a simplicidade e o uso do vidro fazem desta farm\u00e1cia um dos melhores exemplos de Art Deco no Porto. \u00c9 tamb\u00e9m um dos muitos edif\u00edcios que a autarquia est\u00e1 empenhada em proteger.<br><em>Como chegar l\u00e1: a esta\u00e7\u00e3o de metro S\u00e3o Bento fica a 5 minutos a p\u00e9.<\/em><\/p>\n\n\n\n<h3 class=\"wp-block-heading\"><strong>Bolsa do Pescado (1935)<\/strong><\/h3>\n\n\n\n<h5 class=\"wp-block-heading\">Alameda de Bas\u00edlio Teles, 29 | Porto<\/h5>\n\n\n\n<figure class=\"wp-block-image alignnone size-full wp-image-13611\"><img decoding=\"async\" src=\"\/wp-content\/uploads\/2018\/03\/vincci-hotel-antigo-mercado-peixe-fachada-arte-deco-porto.jpg\" alt=\"\" class=\"wp-image-13611\"\/><figcaption>\u00a9 Vincci Hoteles<\/figcaption><\/figure>\n\n\n\n<p>Localizado mesmo em frente ao rio Douro, o <a href=\"https:\/\/www.booking.com\/hotel\/pt\/vincci-porto.en.html?aid=1186505&amp;no_rooms=1&amp;group_adults=1&amp;label=edificios-arte-deco\" target=\"_blank\" rel=\"noreferrer noopener sponsored nofollow\">Hotel Vincci Porto<\/a> capta logo a aten\u00e7\u00e3o dos transeuntes. O hotel de 4 estrelas, classificado como um monumento hist\u00f3rico, era um mercado de peixe constru\u00eddo por Janu\u00e1rio Godinho em 1933. Imagens de sat\u00e9lite mostram que o edif\u00edcio \u00e9 na realidade composto por dois edif\u00edcios que coexistem no mesmo espa\u00e7o &#8211; uma inova\u00e7\u00e3o significativa na arquitectura do s\u00e9culo XX. Ap\u00f3s a sua convers\u00e3o para um hotel, o edif\u00edcio original foi completamente conservado.<br>(Nota: j\u00e1 fiquei hospedada no <a href=\"https:\/\/www.booking.com\/hotel\/pt\/vincci-porto.en.html?aid=1186505&amp;no_rooms=1&amp;group_adults=1&amp;label=edificios-arte-deco\" target=\"_blank\" rel=\"noreferrer noopener sponsored nofollow\">Hotel Vincci Porto<\/a> e adorei a experi\u00eancia &#8211; especialmente o farto caf\u00e9 da manh\u00e3 que inclui mesas tem\u00e1ticas! A que me chamou a aten\u00e7\u00e3o foi a&#8221;mesa saud\u00e1vel&#8221; com sementes, nozes e leites vegetais &#8230; tudo o que eu adoro! \ud83d\ude42<br><em>Como chegar l\u00e1: apanhe o <a href=\"https:\/\/portoalities.com\/pt\/como-viajar-eletrico-do-porto\/\">el\u00e9trico<\/a> 1, \u00e9 um passeio ribeirinho muito bonito! \ud83d\ude42<\/em><\/p>\n\n\n\n<h3 class=\"wp-block-heading\"><strong>Armaz\u00e9ns Cunhas (1936)<\/strong><\/h3>\n\n\n\n<h5 class=\"wp-block-heading\">Pra\u00e7a de Gomes Teixeira, 14\/22 | Porto<\/h5>\n\n\n\n<p><img loading=\"lazy\" decoding=\"async\" width=\"668\" height=\"445\" class=\"alignnone size-full wp-image-13599\" src=\"\/wp-content\/uploads\/2018\/03\/armazens-cunha-fachada-art-deco-porto.jpg\" alt=\"\"><br>Bem em frente \u00e0 Reitoria da Universidade do Porto, encontra os Armaz\u00e9ns Cunhas. O edif\u00edcio com o seu &#8220;desenho&#8221; de um pav\u00e3o imenso, tornou-se um favorito para muitas pessoas, especialmente crian\u00e7as \ud83d\ude42&nbsp;O que \u00e9 surpreendente neste edif\u00edcio \u00e9 o facto de ser constitu\u00eddo por tr\u00eas casas do s\u00e9culo XVIII unidas.<br>A loja, juntamente com o Majestic Caf\u00e9 e muitos outros, \u00e9 protegida pela C\u00e2mara do Porto pelo seu valor tradicional. O edif\u00edcio foi obra de Manuel Marques, que iniciou o projeto em 1933.<br><em>Como chegar l\u00e1: a esta\u00e7\u00e3o de metro S\u00e3o Bento fica a 5 minutos a p\u00e9.<\/em><\/p>\n\n\n\n<h3 class=\"wp-block-heading\"><strong>Coliseu do Porto (1941)<\/strong><\/h3>\n\n\n\n<h5 class=\"wp-block-heading\">Rua de Passos Manuel, 137 | Porto<\/h5>\n\n\n\n<figure class=\"wp-block-image alignnone size-full wp-image-13610\"><img decoding=\"async\" src=\"\/wp-content\/uploads\/2018\/03\/sala-concertos-coliseu-porto.jpg\" alt=\"\" class=\"wp-image-13610\"\/><figcaption>\u00a9 Coliseu.pt<\/figcaption><\/figure>\n\n\n\n<p>O Coliseu do Porto \u00e9 simultaneamente um teatro e uma <a href=\"https:\/\/portoalities.com\/pt\/musica-vivo-porto\/\">sala de concertos<\/a>. Quando se trata de Art Deco no Porto, o Coliseu \u00e9 incontorn\u00e1vel. O projeto foi uma colabora\u00e7\u00e3o entre muitos arquitetos sendo o exterior ic\u00f4nico, no entanto, atribu\u00eddo a Cassiano Branco, outro importante arquiteto modernista em Portugal.<br>O local onde o Coliseu reside \u00e9 conhecido como o Sal\u00e3o Jardim Passos Manuel (1908), que serviu de cinema e foi o primeiro sal\u00e3o p\u00fablico local no Porto. O Coliseu foi t\u00e3o bem sucedido que precisou de expans\u00e3o. Assim, em 1938, come\u00e7ou a constru\u00e7\u00e3o do Coliseu do Porto.<br>Em 1995, surgiram rumores de que o Coliseu do Porto iria ser vendido \u00e0 Igreja Universal do Reino de Deus, o que incomodou imensamente os portuenses, que consideravam o edif\u00edcio um monumento hist\u00f3rico e um s\u00edmbolo da cultura portuense. (Quem, afinal, \u00e9 que n\u00e3o se recorda de ver o <a href=\"https:\/\/portoalities.com\/pt\/o-porto-de-pedro-abrunhosa\/\">Pedro Abrunhosa<\/a> acorrentado \u00e0s portas do Coliseu do Porto?!). Felizmente, a histeria coletiva resultou na feliz aquisi\u00e7\u00e3o do Coliseu pela C\u00e2mara Municipal do Porto e por outras entidades p\u00fablicas em 1996.<br><em>Como chegar l\u00e1: a esta\u00e7\u00e3o de metro 24 de Agosto fica a 10 minutos a p\u00e9.<\/em><\/p>\n\n\n\n<h3 class=\"wp-block-heading\"><strong>Casa de Serralves (1944)<\/strong><\/h3>\n\n\n\n<h5 class=\"wp-block-heading\">Rua Dom Jo\u00e3o de Castro, 210 | Porto<\/h5>\n\n\n\n<figure class=\"wp-block-image alignnone size-full wp-image-13608\"><img decoding=\"async\" src=\"\/wp-content\/uploads\/2018\/03\/museu-contemporaneo-casa-serralves.jpg\" alt=\"\" class=\"wp-image-13608\"\/><figcaption>\u00a9 Serralves.pt<\/figcaption><\/figure>\n\n\n\n<p>O <a href=\"https:\/\/www.getyourguide.pt\/fundacao-de-serralves-l5654\/porto-ingresso-museu-e-parque-de-serralves-t66545\/?partner_id=H93B56T&amp;cmp=art-deco-pt\" target=\"_blank\" rel=\"noreferrer noopener sponsored nofollow\">museu de Serralves<\/a> \u00e9 um dos <a href=\"https:\/\/portoalities.com\/pt\/o-que-fazer-porto\/\">10 lugares incontorn\u00e1veis para quem planeia visitar o Porto<\/a>.<br>O edif\u00edcio cor de rosa foi desenhado por Charles Siclis e implementado por Jos\u00e9 Marques da Silva. O dono original da quinta era o conde Carlos Alberto Cabral, que transformou a casa de veraneio da sua fam\u00edlia num dos melhores exemplos da Art Deco no Porto. Em 1955, o edif\u00edcio foi vendido a outro empres\u00e1rio portugu\u00eas, Delfim Ferreira.<br>No entanto, o governo portugu\u00eas comprou o im\u00f3vel em 1987 para transform\u00e1-lo num museu e proteger a heran\u00e7a do edif\u00edcio. Mais tarde, o extraordin\u00e1rio arquiteto <a href=\"https:\/\/portoalities.com\/pt\/10-obras-imperdiveis-de-siza-vieira-no-porto\/\">\u00c1lvaro Siza Vieira<\/a> foi designado para converter o edif\u00edcio num museu de arte contempor\u00e2nea.<br><em>Como chegar l\u00e1: apanhe o metro at\u00e9 \u00e0 esta\u00e7\u00e3o Casa da M\u00fasica e, da\u00ed, chame um Uber.<\/em><\/p>\n\n\n\n<h4 class=\"wp-block-heading\">Guarde este artigo para mais tarde:<\/h4>\n\n\n\n<div class=\"wp-block-columns is-layout-flex wp-container-core-columns-is-layout-9d6595d7 wp-block-columns-is-layout-flex\">\n<div class=\"wp-block-column is-layout-flow wp-block-column-is-layout-flow\">\n<figure class=\"wp-block-image size-large\"><img loading=\"lazy\" decoding=\"async\" width=\"325\" height=\"487\" src=\"http:\/\/portoalities.com\/wp-content\/uploads\/2018\/03\/melhores-exemplos-art-deco-porto.jpg\" alt=\"melhores exemplos art deco porto\" class=\"wp-image-34296\" srcset=\"https:\/\/portoalities.com\/wp-content\/uploads\/2018\/03\/melhores-exemplos-art-deco-porto.jpg 325w, https:\/\/portoalities.com\/wp-content\/uploads\/2018\/03\/melhores-exemplos-art-deco-porto-200x300.jpg 200w\" sizes=\"auto, (max-width: 325px) 100vw, 325px\" \/><\/figure>\n<\/div>\n\n\n\n<div class=\"wp-block-column is-layout-flow wp-block-column-is-layout-flow\">\n<figure class=\"wp-block-image size-large\"><img loading=\"lazy\" decoding=\"async\" width=\"325\" height=\"487\" src=\"http:\/\/portoalities.com\/wp-content\/uploads\/2018\/03\/edificios-art-deco-porto-portugal.jpg\" alt=\"edificios art deco porto portugal\" class=\"wp-image-34268\" srcset=\"https:\/\/portoalities.com\/wp-content\/uploads\/2018\/03\/edificios-art-deco-porto-portugal.jpg 325w, https:\/\/portoalities.com\/wp-content\/uploads\/2018\/03\/edificios-art-deco-porto-portugal-200x300.jpg 200w\" sizes=\"auto, (max-width: 325px) 100vw, 325px\" \/><\/figure>\n<\/div>\n<\/div>\n","protected":false},"excerpt":{"rendered":"<p>A Exposi\u00e7\u00e3o Internacional de Artes Decorativas e Industriais Modernas de 1925, em Paris, foi um ponto de viragem na arquitetura\u2026<\/p>\n","protected":false},"author":3,"featured_media":111564,"comment_status":"open","ping_status":"closed","sticky":false,"template":"","format":"standard","meta":{"footnotes":""},"categories":[90],"tags":[5537,5538,5880],"class_list":["post-111562","post","type-post","status-publish","format-standard","has-post-thumbnail","hentry","category-atracoes_turisticas","tag-arquitectura-pt","tag-arquitetura-pt","tag-art-deco-pt"],"yoast_head":"<!-- This site is optimized with the Yoast SEO plugin v27.2 - https:\/\/yoast.com\/product\/yoast-seo-wordpress\/ -->\n<title>Art deco no Porto: edif\u00edcios a n\u00e3o perder | Blog Portoalities<\/title>\n<meta name=\"description\" content=\"Para quem est\u00e1 farto de ler sobre os mesmo monumentos, fica aqui uma lista dos edif\u00edcios mais memor\u00e1veis de art deco no Porto.\" \/>\n<meta name=\"robots\" content=\"index, follow, max-snippet:-1, max-image-preview:large, max-video-preview:-1\" \/>\n<link rel=\"canonical\" href=\"https:\/\/portoalities.com\/pt\/art-deco-no-porto-edificios-a-nao-perder\/\" \/>\n<meta property=\"og:locale\" content=\"pt_PT\" \/>\n<meta property=\"og:type\" content=\"article\" \/>\n<meta property=\"og:title\" content=\"Art deco no Porto: edif\u00edcios a n\u00e3o perder | Blog Portoalities\" \/>\n<meta property=\"og:description\" content=\"Para quem est\u00e1 farto de ler sobre os mesmo monumentos, fica aqui uma lista dos edif\u00edcios mais memor\u00e1veis de art deco no Porto.\" \/>\n<meta property=\"og:url\" content=\"https:\/\/portoalities.com\/pt\/art-deco-no-porto-edificios-a-nao-perder\/\" \/>\n<meta property=\"og:site_name\" content=\"Portoalities: Travel blog and Private tours in Porto and Douro Valley\" \/>\n<meta property=\"article:published_time\" content=\"2018-03-26T15:56:12+00:00\" \/>\n<meta property=\"og:image\" content=\"https:\/\/portoalities.com\/wp-content\/uploads\/2018\/03\/melhores-edificios-art-deco-porto.jpg\" \/>\n\t<meta property=\"og:image:width\" content=\"1433\" \/>\n\t<meta property=\"og:image:height\" content=\"700\" \/>\n\t<meta property=\"og:image:type\" content=\"image\/jpeg\" \/>\n<meta name=\"author\" content=\"Sara Riobom\" \/>\n<meta name=\"twitter:card\" content=\"summary_large_image\" \/>\n<meta name=\"twitter:label1\" content=\"Escrito por\" \/>\n\t<meta name=\"twitter:data1\" content=\"Sara Riobom\" \/>\n\t<meta name=\"twitter:label2\" content=\"Tempo estimado de leitura\" \/>\n\t<meta name=\"twitter:data2\" content=\"8 minutos\" \/>\n<script type=\"application\/ld+json\" class=\"yoast-schema-graph\">{\"@context\":\"https:\/\/schema.org\",\"@graph\":[{\"@type\":\"Article\",\"@id\":\"https:\/\/portoalities.com\/pt\/art-deco-no-porto-edificios-a-nao-perder\/#article\",\"isPartOf\":{\"@id\":\"https:\/\/portoalities.com\/pt\/art-deco-no-porto-edificios-a-nao-perder\/\"},\"author\":{\"name\":\"Sara Riobom\",\"@id\":\"https:\/\/portoalities.com\/en\/#\/schema\/person\/86e9ed8d9d1bb211cc9bf16ab54c5c0d\"},\"headline\":\"Art deco no Porto: edif\u00edcios a n\u00e3o perder\",\"datePublished\":\"2018-03-26T15:56:12+00:00\",\"mainEntityOfPage\":{\"@id\":\"https:\/\/portoalities.com\/pt\/art-deco-no-porto-edificios-a-nao-perder\/\"},\"wordCount\":1359,\"commentCount\":0,\"image\":{\"@id\":\"https:\/\/portoalities.com\/pt\/art-deco-no-porto-edificios-a-nao-perder\/#primaryimage\"},\"thumbnailUrl\":\"https:\/\/portoalities.com\/wp-content\/uploads\/2018\/03\/melhores-edificios-art-deco-porto.jpg\",\"keywords\":[\"arquitectura\",\"arquitetura\",\"art deco\"],\"articleSection\":[\"Atra\u00e7\u00f5es tur\u00edsticas\"],\"inLanguage\":\"pt-PT\",\"potentialAction\":[{\"@type\":\"CommentAction\",\"name\":\"Comment\",\"target\":[\"https:\/\/portoalities.com\/pt\/art-deco-no-porto-edificios-a-nao-perder\/#respond\"]}]},{\"@type\":\"WebPage\",\"@id\":\"https:\/\/portoalities.com\/pt\/art-deco-no-porto-edificios-a-nao-perder\/\",\"url\":\"https:\/\/portoalities.com\/pt\/art-deco-no-porto-edificios-a-nao-perder\/\",\"name\":\"Art deco no Porto: edif\u00edcios a n\u00e3o perder | Blog Portoalities\",\"isPartOf\":{\"@id\":\"https:\/\/portoalities.com\/en\/#website\"},\"primaryImageOfPage\":{\"@id\":\"https:\/\/portoalities.com\/pt\/art-deco-no-porto-edificios-a-nao-perder\/#primaryimage\"},\"image\":{\"@id\":\"https:\/\/portoalities.com\/pt\/art-deco-no-porto-edificios-a-nao-perder\/#primaryimage\"},\"thumbnailUrl\":\"https:\/\/portoalities.com\/wp-content\/uploads\/2018\/03\/melhores-edificios-art-deco-porto.jpg\",\"datePublished\":\"2018-03-26T15:56:12+00:00\",\"author\":{\"@id\":\"https:\/\/portoalities.com\/en\/#\/schema\/person\/86e9ed8d9d1bb211cc9bf16ab54c5c0d\"},\"description\":\"Para quem est\u00e1 farto de ler sobre os mesmo monumentos, fica aqui uma lista dos edif\u00edcios mais memor\u00e1veis de art deco no Porto.\",\"breadcrumb\":{\"@id\":\"https:\/\/portoalities.com\/pt\/art-deco-no-porto-edificios-a-nao-perder\/#breadcrumb\"},\"inLanguage\":\"pt-PT\",\"potentialAction\":[{\"@type\":\"ReadAction\",\"target\":[\"https:\/\/portoalities.com\/pt\/art-deco-no-porto-edificios-a-nao-perder\/\"]}]},{\"@type\":\"ImageObject\",\"inLanguage\":\"pt-PT\",\"@id\":\"https:\/\/portoalities.com\/pt\/art-deco-no-porto-edificios-a-nao-perder\/#primaryimage\",\"url\":\"https:\/\/portoalities.com\/wp-content\/uploads\/2018\/03\/melhores-edificios-art-deco-porto.jpg\",\"contentUrl\":\"https:\/\/portoalities.com\/wp-content\/uploads\/2018\/03\/melhores-edificios-art-deco-porto.jpg\",\"width\":1433,\"height\":700},{\"@type\":\"BreadcrumbList\",\"@id\":\"https:\/\/portoalities.com\/pt\/art-deco-no-porto-edificios-a-nao-perder\/#breadcrumb\",\"itemListElement\":[{\"@type\":\"ListItem\",\"position\":1,\"name\":\"Home\",\"item\":\"https:\/\/portoalities.com\/pt\/\"},{\"@type\":\"ListItem\",\"position\":2,\"name\":\"Art deco no Porto: edif\u00edcios a n\u00e3o perder\"}]},{\"@type\":\"WebSite\",\"@id\":\"https:\/\/portoalities.com\/en\/#website\",\"url\":\"https:\/\/portoalities.com\/en\/\",\"name\":\"Portoalities: Travel blog and Private tours in Porto and Douro Valley\",\"description\":\"\",\"potentialAction\":[{\"@type\":\"SearchAction\",\"target\":{\"@type\":\"EntryPoint\",\"urlTemplate\":\"https:\/\/portoalities.com\/en\/?s={search_term_string}\"},\"query-input\":{\"@type\":\"PropertyValueSpecification\",\"valueRequired\":true,\"valueName\":\"search_term_string\"}}],\"inLanguage\":\"pt-PT\"},{\"@type\":\"Person\",\"@id\":\"https:\/\/portoalities.com\/en\/#\/schema\/person\/86e9ed8d9d1bb211cc9bf16ab54c5c0d\",\"name\":\"Sara Riobom\",\"image\":{\"@type\":\"ImageObject\",\"inLanguage\":\"pt-PT\",\"@id\":\"https:\/\/secure.gravatar.com\/avatar\/21142310e9611a432e3b525f3a98f5c0539be889e67ec3fb511c335b41fb3c6a?s=96&d=mm&r=g\",\"url\":\"https:\/\/secure.gravatar.com\/avatar\/21142310e9611a432e3b525f3a98f5c0539be889e67ec3fb511c335b41fb3c6a?s=96&d=mm&r=g\",\"contentUrl\":\"https:\/\/secure.gravatar.com\/avatar\/21142310e9611a432e3b525f3a98f5c0539be889e67ec3fb511c335b41fb3c6a?s=96&d=mm&r=g\",\"caption\":\"Sara Riobom\"},\"url\":\"https:\/\/portoalities.com\/pt\/author\/admin\/\"}]}<\/script>\n<!-- \/ Yoast SEO plugin. -->","yoast_head_json":{"title":"Art deco no Porto: edif\u00edcios a n\u00e3o perder | Blog Portoalities","description":"Para quem est\u00e1 farto de ler sobre os mesmo monumentos, fica aqui uma lista dos edif\u00edcios mais memor\u00e1veis de art deco no Porto.","robots":{"index":"index","follow":"follow","max-snippet":"max-snippet:-1","max-image-preview":"max-image-preview:large","max-video-preview":"max-video-preview:-1"},"canonical":"https:\/\/portoalities.com\/pt\/art-deco-no-porto-edificios-a-nao-perder\/","og_locale":"pt_PT","og_type":"article","og_title":"Art deco no Porto: edif\u00edcios a n\u00e3o perder | Blog Portoalities","og_description":"Para quem est\u00e1 farto de ler sobre os mesmo monumentos, fica aqui uma lista dos edif\u00edcios mais memor\u00e1veis de art deco no Porto.","og_url":"https:\/\/portoalities.com\/pt\/art-deco-no-porto-edificios-a-nao-perder\/","og_site_name":"Portoalities: Travel blog and Private tours in Porto and Douro Valley","article_published_time":"2018-03-26T15:56:12+00:00","og_image":[{"width":1433,"height":700,"url":"https:\/\/portoalities.com\/wp-content\/uploads\/2018\/03\/melhores-edificios-art-deco-porto.jpg","type":"image\/jpeg"}],"author":"Sara Riobom","twitter_card":"summary_large_image","twitter_misc":{"Escrito por":"Sara Riobom","Tempo estimado de leitura":"8 minutos"},"schema":{"@context":"https:\/\/schema.org","@graph":[{"@type":"Article","@id":"https:\/\/portoalities.com\/pt\/art-deco-no-porto-edificios-a-nao-perder\/#article","isPartOf":{"@id":"https:\/\/portoalities.com\/pt\/art-deco-no-porto-edificios-a-nao-perder\/"},"author":{"name":"Sara Riobom","@id":"https:\/\/portoalities.com\/en\/#\/schema\/person\/86e9ed8d9d1bb211cc9bf16ab54c5c0d"},"headline":"Art deco no Porto: edif\u00edcios a n\u00e3o perder","datePublished":"2018-03-26T15:56:12+00:00","mainEntityOfPage":{"@id":"https:\/\/portoalities.com\/pt\/art-deco-no-porto-edificios-a-nao-perder\/"},"wordCount":1359,"commentCount":0,"image":{"@id":"https:\/\/portoalities.com\/pt\/art-deco-no-porto-edificios-a-nao-perder\/#primaryimage"},"thumbnailUrl":"https:\/\/portoalities.com\/wp-content\/uploads\/2018\/03\/melhores-edificios-art-deco-porto.jpg","keywords":["arquitectura","arquitetura","art deco"],"articleSection":["Atra\u00e7\u00f5es tur\u00edsticas"],"inLanguage":"pt-PT","potentialAction":[{"@type":"CommentAction","name":"Comment","target":["https:\/\/portoalities.com\/pt\/art-deco-no-porto-edificios-a-nao-perder\/#respond"]}]},{"@type":"WebPage","@id":"https:\/\/portoalities.com\/pt\/art-deco-no-porto-edificios-a-nao-perder\/","url":"https:\/\/portoalities.com\/pt\/art-deco-no-porto-edificios-a-nao-perder\/","name":"Art deco no Porto: edif\u00edcios a n\u00e3o perder | Blog Portoalities","isPartOf":{"@id":"https:\/\/portoalities.com\/en\/#website"},"primaryImageOfPage":{"@id":"https:\/\/portoalities.com\/pt\/art-deco-no-porto-edificios-a-nao-perder\/#primaryimage"},"image":{"@id":"https:\/\/portoalities.com\/pt\/art-deco-no-porto-edificios-a-nao-perder\/#primaryimage"},"thumbnailUrl":"https:\/\/portoalities.com\/wp-content\/uploads\/2018\/03\/melhores-edificios-art-deco-porto.jpg","datePublished":"2018-03-26T15:56:12+00:00","author":{"@id":"https:\/\/portoalities.com\/en\/#\/schema\/person\/86e9ed8d9d1bb211cc9bf16ab54c5c0d"},"description":"Para quem est\u00e1 farto de ler sobre os mesmo monumentos, fica aqui uma lista dos edif\u00edcios mais memor\u00e1veis de art deco no Porto.","breadcrumb":{"@id":"https:\/\/portoalities.com\/pt\/art-deco-no-porto-edificios-a-nao-perder\/#breadcrumb"},"inLanguage":"pt-PT","potentialAction":[{"@type":"ReadAction","target":["https:\/\/portoalities.com\/pt\/art-deco-no-porto-edificios-a-nao-perder\/"]}]},{"@type":"ImageObject","inLanguage":"pt-PT","@id":"https:\/\/portoalities.com\/pt\/art-deco-no-porto-edificios-a-nao-perder\/#primaryimage","url":"https:\/\/portoalities.com\/wp-content\/uploads\/2018\/03\/melhores-edificios-art-deco-porto.jpg","contentUrl":"https:\/\/portoalities.com\/wp-content\/uploads\/2018\/03\/melhores-edificios-art-deco-porto.jpg","width":1433,"height":700},{"@type":"BreadcrumbList","@id":"https:\/\/portoalities.com\/pt\/art-deco-no-porto-edificios-a-nao-perder\/#breadcrumb","itemListElement":[{"@type":"ListItem","position":1,"name":"Home","item":"https:\/\/portoalities.com\/pt\/"},{"@type":"ListItem","position":2,"name":"Art deco no Porto: edif\u00edcios a n\u00e3o perder"}]},{"@type":"WebSite","@id":"https:\/\/portoalities.com\/en\/#website","url":"https:\/\/portoalities.com\/en\/","name":"Portoalities: Travel blog and Private tours in Porto and Douro Valley","description":"","potentialAction":[{"@type":"SearchAction","target":{"@type":"EntryPoint","urlTemplate":"https:\/\/portoalities.com\/en\/?s={search_term_string}"},"query-input":{"@type":"PropertyValueSpecification","valueRequired":true,"valueName":"search_term_string"}}],"inLanguage":"pt-PT"},{"@type":"Person","@id":"https:\/\/portoalities.com\/en\/#\/schema\/person\/86e9ed8d9d1bb211cc9bf16ab54c5c0d","name":"Sara Riobom","image":{"@type":"ImageObject","inLanguage":"pt-PT","@id":"https:\/\/secure.gravatar.com\/avatar\/21142310e9611a432e3b525f3a98f5c0539be889e67ec3fb511c335b41fb3c6a?s=96&d=mm&r=g","url":"https:\/\/secure.gravatar.com\/avatar\/21142310e9611a432e3b525f3a98f5c0539be889e67ec3fb511c335b41fb3c6a?s=96&d=mm&r=g","contentUrl":"https:\/\/secure.gravatar.com\/avatar\/21142310e9611a432e3b525f3a98f5c0539be889e67ec3fb511c335b41fb3c6a?s=96&d=mm&r=g","caption":"Sara Riobom"},"url":"https:\/\/portoalities.com\/pt\/author\/admin\/"}]}},"_links":{"self":[{"href":"https:\/\/portoalities.com\/pt\/wp-json\/wp\/v2\/posts\/111562","targetHints":{"allow":["GET"]}}],"collection":[{"href":"https:\/\/portoalities.com\/pt\/wp-json\/wp\/v2\/posts"}],"about":[{"href":"https:\/\/portoalities.com\/pt\/wp-json\/wp\/v2\/types\/post"}],"author":[{"embeddable":true,"href":"https:\/\/portoalities.com\/pt\/wp-json\/wp\/v2\/users\/3"}],"replies":[{"embeddable":true,"href":"https:\/\/portoalities.com\/pt\/wp-json\/wp\/v2\/comments?post=111562"}],"version-history":[{"count":0,"href":"https:\/\/portoalities.com\/pt\/wp-json\/wp\/v2\/posts\/111562\/revisions"}],"wp:featuredmedia":[{"embeddable":true,"href":"https:\/\/portoalities.com\/pt\/wp-json\/wp\/v2\/media\/111564"}],"wp:attachment":[{"href":"https:\/\/portoalities.com\/pt\/wp-json\/wp\/v2\/media?parent=111562"}],"wp:term":[{"taxonomy":"category","embeddable":true,"href":"https:\/\/portoalities.com\/pt\/wp-json\/wp\/v2\/categories?post=111562"},{"taxonomy":"post_tag","embeddable":true,"href":"https:\/\/portoalities.com\/pt\/wp-json\/wp\/v2\/tags?post=111562"}],"curies":[{"name":"wp","href":"https:\/\/api.w.org\/{rel}","templated":true}]}}