{"id":50164,"date":"2022-02-05T14:45:05","date_gmt":"2022-02-05T14:45:05","guid":{"rendered":"http:\/\/38.242.230.232\/~portoalities\/?p=50164"},"modified":"2025-09-16T10:57:15","modified_gmt":"2025-09-16T10:57:15","slug":"onde-ficar-parque-natural-montesinho-e-braganca","status":"publish","type":"post","link":"https:\/\/portoalities.com\/pt\/onde-ficar-parque-natural-montesinho-e-braganca\/","title":{"rendered":"Onde ficar no Parque Natural de Montesinho"},"content":{"rendered":"\n<p>Este inverno, ao inv\u00e9s de rumar a destinos t\u00e3o ex\u00f3ticos quanto distantes, fui para o Parque Natural de Montesinho, que j\u00e1 havia mencionado no meu artigo sobre os <a href=\"https:\/\/portoalities.com\/pt\/parques-naturais-no-norte\/\">Parques Naturais no norte de Portugal<\/a>.<br>Aquilo que era para ser umas f\u00e9rias de uma semana rapidamente se transformou numa estadia de um m\u00eas, tal foi a paix\u00e3o pela Terra Fria.<\/p>\n\n\n\n<p>Assim, come\u00e7o uma s\u00e9rie de artigos dedicados ao tema com um artigo sobre Onde ficar no Parque Natural de Montesinho: os melhores alojamentos de turismo rural.<\/p>\n\n\n\n<p>Para vos ajudar a decidir Onde ficar no Parque Natural de Montesinho, resolvi fazer um mapa com os diversos alojamentos organizados por cores:<\/p>\n\n\n<p><iframe loading=\"lazy\" src=\"https:\/\/www.google.com\/maps\/d\/embed?mid=1RY512mj_ifKdOYiZaA76tLkiapPuCmJi&amp;ehbc=2E312F\" width=\"640\" height=\"480\"><\/iframe><\/p>\n\n\n<p><strong><span class=\"has-inline-color has-vivid-red-color\">Bragan\u00e7a<\/span><\/strong> \u00e9 a melhor op\u00e7\u00e3o de onde ficar no Parque Natural de Montesinho se valoriza a conveni\u00eancia de ter tudo perto: caf\u00e9s, restaurantes, supermercados e museus. Tem tamb\u00e9m a vantagem de ter uma localiza\u00e7\u00e3o bastante central, no meio do parque, e acess\u00edvel facilmente a partir da A4.<\/p>\n\n\n\n<p><strong><span class=\"has-inline-color has-vivid-green-cyan-color\">Vinhais<\/span><\/strong> \u00e9 a melhor op\u00e7\u00e3o de Onde ficar no Parque Natural de Montesinho para quem pretende explorar o Parque Biol\u00f3gico de Vinhais, com o seu baloi\u00e7o e miradouros, supermercados e castelo.<\/p>\n\n\n\n<p><strong><span class=\"has-inline-color has-luminous-vivid-amber-color\">Vilarinho<\/span><\/strong> \u00e9 uma boa op\u00e7\u00e3o para fam\u00edlias com crian\u00e7as, porque est\u00e1 pr\u00f3ximo de duas praias fluviais. \u00c9 tamb\u00e9m a capital do mel \ud83d\ude42<\/p>\n\n\n\n<p>Por fim, as belas <strong><span class=\"has-inline-color has-vivid-purple-color\">aldeias da Terra Fria<\/span><\/strong> s\u00e3o o lugar perfeito para ficar no Parque Natural de Montesinho se pretende paz e sossego. Foi quase sempre a minha op\u00e7\u00e3o, e n\u00e3o me arrependo mesmo nada \ud83d\ude42<\/p>\n\n\n\n<h2 class=\"wp-block-heading\" id=\"onde-ficar-no-parque-natural-de-montesinho-braganca\">Onde ficar no Parque Natural de Montesinho: Bragan\u00e7a <\/h2>\n\n\n\n<h3 class=\"wp-block-heading\" id=\"betula-studios\"><a href=\"https:\/\/www.booking.com\/hotel\/pt\/betula-studios.en.html?aid=1186505&amp;no_rooms=1&amp;group_adults=2&amp;label=onde-ficar-braganca\" target=\"_blank\" rel=\"noreferrer noopener sponsored nofollow\">B\u00e9tula Studios<\/a><\/h3>\n\n\n\n<figure class=\"wp-block-image size-full\"><img loading=\"lazy\" decoding=\"async\" width=\"668\" height=\"446\" src=\"http:\/\/portoalities.com\/wp-content\/uploads\/2021\/12\/sala-estar-lareira-betula-studios.jpeg\" alt=\"sala estar lareira betula studios\" class=\"wp-image-50182\" srcset=\"https:\/\/portoalities.com\/wp-content\/uploads\/2021\/12\/sala-estar-lareira-betula-studios.jpeg 668w, https:\/\/portoalities.com\/wp-content\/uploads\/2021\/12\/sala-estar-lareira-betula-studios-300x200.jpeg 300w\" sizes=\"auto, (max-width: 668px) 100vw, 668px\" \/><\/figure>\n\n\n\n<figure class=\"wp-block-image size-full\"><img loading=\"lazy\" decoding=\"async\" width=\"668\" height=\"446\" src=\"http:\/\/portoalities.com\/wp-content\/uploads\/2021\/12\/betula-studios-bungalows-parque-montesinho.jpeg\" alt=\"betula studios bungalows parque montesinho\" class=\"wp-image-50181\" srcset=\"https:\/\/portoalities.com\/wp-content\/uploads\/2021\/12\/betula-studios-bungalows-parque-montesinho.jpeg 668w, https:\/\/portoalities.com\/wp-content\/uploads\/2021\/12\/betula-studios-bungalows-parque-montesinho-300x200.jpeg 300w\" sizes=\"auto, (max-width: 668px) 100vw, 668px\" \/><\/figure>\n\n\n\n<p>O meu primeiro contacto com o <a href=\"https:\/\/www.booking.com\/hotel\/pt\/betula-studios.en.html?aid=1186505&amp;no_rooms=1&amp;group_adults=2&amp;label=onde-ficar-braganca\" target=\"_blank\" rel=\"noreferrer noopener sponsored nofollow\">B\u00e9tula studios<\/a> &#8211; uma s\u00e9rie de bungalows no Parque Natural de Montesinho &#8211; foi no Instagram, e s\u00f3 pelas fotos j\u00e1 cativaram a minha aten\u00e7\u00e3o. \u00c9 que os bungalows s\u00e3o, de facto, lind\u00edssimos, com uma decora\u00e7\u00e3o&nbsp;minimalista de muito bom gosto, e perfeitamente enquadrados na beleza natural circundante.<\/p>\n\n\n\n<p>No total s\u00e3o quatro <meta charset=\"utf-8\">bungalows no Parque Natural de Montesinho, dois deles com salamandra na sala e com camas de casal (os mais caros), e outros dois sem salamandra e com camas individuais. <\/p>\n\n\n\n<p>Tr\u00eas deles t\u00eam tamb\u00e9m sof\u00e1 cama, sendo ideais para fam\u00edlias com crian\u00e7as. E todos, sem excep\u00e7\u00e3o, t\u00eam uma varanda maravilhosa \ud83d\ude42<\/p>\n\n\n\n<p>Para al\u00e9m da simpatia dos donos dos <meta charset=\"utf-8\"><a href=\"https:\/\/www.booking.com\/hotel\/pt\/betula-studios.en.html?aid=1186505&amp;no_rooms=1&amp;group_adults=2&amp;label=onde-ficar-braganca\" target=\"_blank\" rel=\"noreferrer noopener sponsored nofollow\">B\u00e9tula studios<\/a>, sempre dispon\u00edveis para dar dicas para aproveitar a regi\u00e3o, gostei imenso do cesto de boas vindas, com p\u00e3o fresco e uma compota caseira di &#8211; vi &#8211; na. Definitivamente a repetir \ud83d\ude42<\/p>\n\n\n\n<h3 class=\"wp-block-heading\" id=\"turismo-rural-ninho-do-melro\"><a href=\"https:\/\/www.booking.com\/hotel\/pt\/ninho-do-melro.en.html?aid=1186505&amp;no_rooms=1&amp;group_adults=2&amp;label=onde-ficar-braganca\" target=\"_blank\" rel=\"noreferrer noopener sponsored nofollow\">Turismo Rural Ninho do Melro<\/a><\/h3>\n\n\n\n<figure class=\"wp-block-image size-full\"><img loading=\"lazy\" decoding=\"async\" width=\"668\" height=\"463\" src=\"http:\/\/portoalities.com\/wp-content\/uploads\/2021\/12\/casa-granito-onde-ficar-parque-natural-montesinho.jpeg\" alt=\"casa granito onde ficar parque natural montesinho\" class=\"wp-image-50230\" srcset=\"https:\/\/portoalities.com\/wp-content\/uploads\/2021\/12\/casa-granito-onde-ficar-parque-natural-montesinho.jpeg 668w, https:\/\/portoalities.com\/wp-content\/uploads\/2021\/12\/casa-granito-onde-ficar-parque-natural-montesinho-300x208.jpeg 300w\" sizes=\"auto, (max-width: 668px) 100vw, 668px\" \/><\/figure>\n\n\n\n<figure class=\"wp-block-image size-full\"><img loading=\"lazy\" decoding=\"async\" width=\"668\" height=\"499\" src=\"http:\/\/portoalities.com\/wp-content\/uploads\/2021\/12\/casa-tipica-braganca.jpeg\" alt=\"casa tipica braganca\" class=\"wp-image-50229\" srcset=\"https:\/\/portoalities.com\/wp-content\/uploads\/2021\/12\/casa-tipica-braganca.jpeg 668w, https:\/\/portoalities.com\/wp-content\/uploads\/2021\/12\/casa-tipica-braganca-300x224.jpeg 300w\" sizes=\"auto, (max-width: 668px) 100vw, 668px\" \/><\/figure>\n\n\n\n<p>O melhor de passar uns dias no Montesinho \u00e9 descobrir as suas aldeias e as suas gentes. E \u00e9 precisamente isso que o <a href=\"https:\/\/www.booking.com\/hotel\/pt\/ninho-do-melro.en.html?aid=1186505&amp;no_rooms=1&amp;group_adults=2&amp;label=onde-ficar-braganca\" target=\"_blank\" rel=\"noreferrer noopener sponsored nofollow\">Ninho do Melro<\/a>, uma unidade de turismo rural localizada na aldeia de Rabal, proporciona: uma sala digna do <a href=\"https:\/\/pt.wikipedia.org\/wiki\/O_Senhor_dos_An%C3%A9is_(s%C3%A9rie_de_filmes)\" target=\"_blank\" rel=\"noreferrer noopener\">Senhor dos An\u00e9is<\/a> onde somos recebidos calorosamente pela D\u00aa Fernanda. <\/p>\n\n\n\n<p>Para al\u00e9m disso, disp\u00f5e de 3 quartos com camas de casal, dando assim para alojar 6 pessoas.<\/p>\n\n\n\n<p>Para al\u00e9m da decora\u00e7\u00e3o amorosa, outra coisa que gosto muito no <a href=\"https:\/\/www.booking.com\/hotel\/pt\/ninho-do-melro.en.html?aid=1186505&amp;no_rooms=1&amp;group_adults=2&amp;label=onde-ficar-braganca\" target=\"_blank\" rel=\"noreferrer noopener sponsored nofollow\">Ninho do Melro<\/a> \u00e9 a localiza\u00e7\u00e3o: numa aldeia remota, mas a apenas 15 minutos de carro de Bragan\u00e7a. Perfeito.<\/p>\n\n\n\n<h3 class=\"wp-block-heading\" id=\"pousada-de-braganca\"><a href=\"https:\/\/www.booking.com\/hotel\/pt\/pousada-sao-bartolomeu.en.html?aid=1186505&amp;no_rooms=1&amp;group_adults=2&amp;label=onde-ficar-braganca\" target=\"_blank\" rel=\"noreferrer noopener sponsored nofollow\">Pousada de Bragan\u00e7a<\/a><\/h3>\n\n\n\n<figure class=\"wp-block-image size-full\"><img loading=\"lazy\" decoding=\"async\" width=\"668\" height=\"466\" src=\"http:\/\/portoalities.com\/wp-content\/uploads\/2021\/12\/sala-estar-pousada-braganca.jpeg\" alt=\"sala estar pousada braganca\" class=\"wp-image-50225\" srcset=\"https:\/\/portoalities.com\/wp-content\/uploads\/2021\/12\/sala-estar-pousada-braganca.jpeg 668w, https:\/\/portoalities.com\/wp-content\/uploads\/2021\/12\/sala-estar-pousada-braganca-300x209.jpeg 300w\" sizes=\"auto, (max-width: 668px) 100vw, 668px\" \/><\/figure>\n\n\n\n<figure class=\"wp-block-image size-full\"><img loading=\"lazy\" decoding=\"async\" width=\"668\" height=\"446\" src=\"http:\/\/portoalities.com\/wp-content\/uploads\/2021\/12\/quarto-duplo-pousada-braganca.jpeg\" alt=\"quarto duplo pousada braganca\" class=\"wp-image-50224\" srcset=\"https:\/\/portoalities.com\/wp-content\/uploads\/2021\/12\/quarto-duplo-pousada-braganca.jpeg 668w, https:\/\/portoalities.com\/wp-content\/uploads\/2021\/12\/quarto-duplo-pousada-braganca-300x200.jpeg 300w\" sizes=\"auto, (max-width: 668px) 100vw, 668px\" \/><\/figure>\n\n\n\n<p>Se gosta de jogar pelo seguro recomendo que fique alojad@ na <a href=\"https:\/\/www.booking.com\/hotel\/pt\/pousada-sao-bartolomeu.en.html?aid=1186505&amp;no_rooms=1&amp;group_adults=2&amp;label=onde-ficar-braganca\" target=\"_blank\" rel=\"noreferrer noopener sponsored nofollow\">Pousada de Bragan\u00e7a<\/a> (n\u00e3o confundir com a pousada da juventude!).&nbsp;Tem uma bel\u00edssima sala de estar, com lareira e tudo, com vista para o castelo da cidade. <\/p>\n\n\n\n<p>Os quartos, apesar da decora\u00e7\u00e3o um bocado <em>d\u00e9mod\u00e9<\/em>, s\u00e3o espa\u00e7osos e muito confort\u00e1veis, que \u00e9 o que se quer.<\/p>\n\n\n\n<p>Tem tamb\u00e9m uma piscina exterior, perfeita para os dias mais quentes, e que \u00e9 raro encontrar no Parque Natural de Montesinho. <\/p>\n\n\n\n<p>No restaurante da <meta charset=\"utf-8\"><a href=\"https:\/\/www.booking.com\/hotel\/pt\/pousada-sao-bartolomeu.en.html?aid=1186505&amp;no_rooms=1&amp;group_adults=2&amp;label=onde-ficar-braganca\" target=\"_blank\" rel=\"noreferrer noopener sponsored nofollow\">Pousada de Bragan\u00e7a<\/a> come-se bem, mas \u00e9 carote.<\/p>\n\n\n\n<h2 class=\"wp-block-heading\" id=\"onde-ficar-no-parque-natural-de-montesinho-aldeias-remotas\"><meta charset=\"utf-8\">Onde ficar no Parque Natural de Montesinho: aldeias remotas<\/h2>\n\n\n\n<h3 class=\"wp-block-heading\" id=\"casa-de-onor\"><a href=\"https:\/\/www.booking.com\/hotel\/pt\/casa-de-onor.en.html?aid=1186505&amp;no_rooms=1&amp;group_adults=2&amp;label=onde-ficar-braganca\" target=\"_blank\" rel=\"noreferrer noopener sponsored nofollow\">Casa de Onor<\/a><\/h3>\n\n\n\n<figure class=\"wp-block-image size-full\"><img loading=\"lazy\" decoding=\"async\" width=\"668\" height=\"466\" src=\"http:\/\/portoalities.com\/wp-content\/uploads\/2021\/12\/sala-estar-casa-onor.jpeg\" alt=\"sala estar casa onor\" class=\"wp-image-50210\" srcset=\"https:\/\/portoalities.com\/wp-content\/uploads\/2021\/12\/sala-estar-casa-onor.jpeg 668w, https:\/\/portoalities.com\/wp-content\/uploads\/2021\/12\/sala-estar-casa-onor-300x209.jpeg 300w\" sizes=\"auto, (max-width: 668px) 100vw, 668px\" \/><\/figure>\n\n\n\n<figure class=\"wp-block-image size-full\"><img loading=\"lazy\" decoding=\"async\" width=\"668\" height=\"527\" src=\"http:\/\/portoalities.com\/wp-content\/uploads\/2021\/12\/sala-jantar-casa-onor.jpeg\" alt=\"sala jantar casa onor\" class=\"wp-image-50211\" srcset=\"https:\/\/portoalities.com\/wp-content\/uploads\/2021\/12\/sala-jantar-casa-onor.jpeg 668w, https:\/\/portoalities.com\/wp-content\/uploads\/2021\/12\/sala-jantar-casa-onor-300x237.jpeg 300w\" sizes=\"auto, (max-width: 668px) 100vw, 668px\" \/><\/figure>\n\n\n\n<figure class=\"wp-block-image size-full\"><img loading=\"lazy\" decoding=\"async\" width=\"668\" height=\"447\" src=\"http:\/\/portoalities.com\/wp-content\/uploads\/2021\/12\/alpendre-casa-rio-onor.jpg\" alt=\"alpendre casa rio onor\" class=\"wp-image-50209\" srcset=\"https:\/\/portoalities.com\/wp-content\/uploads\/2021\/12\/alpendre-casa-rio-onor.jpg 668w, https:\/\/portoalities.com\/wp-content\/uploads\/2021\/12\/alpendre-casa-rio-onor-300x201.jpg 300w\" sizes=\"auto, (max-width: 668px) 100vw, 668px\" \/><\/figure>\n\n\n\n<p>A primeira vez que ponderei ficar no Parque Natural de Montesinho quaaase reservei um quarto na <a href=\"https:\/\/www.booking.com\/hotel\/pt\/casa-de-onor.en.html?aid=1186505&amp;no_rooms=1&amp;group_adults=2&amp;label=onde-ficar-braganca\" target=\"_blank\" rel=\"noreferrer noopener sponsored nofollow\">Casa de Onor<\/a>, mas acabei por n\u00e3o o fazer porque n\u00e3o tem internet &#8211; por isso, se isso para si \u00e9 um pr\u00e9 requisito, mais vale avan\u00e7ar para o pr\u00f3ximo alojamento. Mas perder\u00e1 a oportunidade de ficar alojado numa das mais bonitas aldeias da regi\u00e3o, fica j\u00e1 a saber \ud83d\ude1b<\/p>\n\n\n\n<p>Apesar disso, adoro a <a href=\"https:\/\/www.booking.com\/hotel\/pt\/casa-de-onor.en.html?aid=1186505&amp;no_rooms=1&amp;group_adults=2&amp;label=onde-ficar-braganca\" target=\"_blank\" rel=\"noreferrer noopener sponsored nofollow\">Casa de Onor<\/a> &#8211; \u00e9 uma casa decorada com imenso bom gosto, com mobili\u00e1rio tradicional que combina belissimamente com as paredes de granito. Pode optar por ficar num quarto privado, com WC incorporado, ou ent\u00e3o num dormit\u00f3rio com 5 camas.<\/p>\n\n\n\n<p>A Dona Rita (a dona da <a href=\"https:\/\/www.booking.com\/hotel\/pt\/casa-de-onor.en.html?aid=1186505&amp;no_rooms=1&amp;group_adults=2&amp;label=onde-ficar-braganca\" target=\"_blank\" rel=\"noreferrer noopener sponsored nofollow\">Casa de Onor<\/a>), \u00e9 uma excelente anfitri\u00e3: sempre dispon\u00edvel para esclarecer as minhas d\u00favidas e para cozinhar deliciosas refei\u00e7\u00f5es caseiras (incluindo <a href=\"https:\/\/portoalities.com\/pt\/manual-de-sobrevivencia-para-vegetarianos-no-porto\/\">pratos vegetarianos<\/a>). \u00c9 para conhecer pessoas assim que vale a pena viajar \ud83d\ude42<\/p>\n\n\n\n<h3 class=\"wp-block-heading\" id=\"casal-de-palacios\"><meta charset=\"utf-8\"><a href=\"https:\/\/www.booking.com\/hotel\/pt\/casal-de-palacios.en.html?aid=1186505&amp;no_rooms=1&amp;group_adults=2&amp;label=onde-ficar-braganca\" target=\"_blank\" rel=\"noreferrer noopener sponsored nofollow\">Casal de Pal\u00e1cios<\/a><\/h3>\n\n\n\n<figure class=\"wp-block-image size-full\"><img loading=\"lazy\" decoding=\"async\" width=\"668\" height=\"455\" src=\"http:\/\/portoalities.com\/wp-content\/uploads\/2021\/12\/quarto-duplo-casal-palacios-braganca.jpeg\" alt=\"quarto duplo casal palacios braganca\" class=\"wp-image-50213\" srcset=\"https:\/\/portoalities.com\/wp-content\/uploads\/2021\/12\/quarto-duplo-casal-palacios-braganca.jpeg 668w, https:\/\/portoalities.com\/wp-content\/uploads\/2021\/12\/quarto-duplo-casal-palacios-braganca-300x204.jpeg 300w\" sizes=\"auto, (max-width: 668px) 100vw, 668px\" \/><\/figure>\n\n\n\n<figure class=\"wp-block-image size-full\"><img loading=\"lazy\" decoding=\"async\" width=\"668\" height=\"517\" src=\"http:\/\/portoalities.com\/wp-content\/uploads\/2021\/12\/terraco-casal-palacio-onde-ficar-braganca.jpeg\" alt=\"terraco casal palacio onde ficar braganca\" class=\"wp-image-50214\" srcset=\"https:\/\/portoalities.com\/wp-content\/uploads\/2021\/12\/terraco-casal-palacio-onde-ficar-braganca.jpeg 668w, https:\/\/portoalities.com\/wp-content\/uploads\/2021\/12\/terraco-casal-palacio-onde-ficar-braganca-300x232.jpeg 300w\" sizes=\"auto, (max-width: 668px) 100vw, 668px\" \/><\/figure>\n\n\n\n<p>Fui descobrir um dos alojamentos mais encantadores para ficar no Parque Natural de Montesinho na pequena aldeia de Pal\u00e1cios, perto de Pala\u00e7oulo. O <a href=\"https:\/\/www.booking.com\/hotel\/pt\/casal-de-palacios.en.html?aid=1186505&amp;no_rooms=1&amp;group_adults=2&amp;label=onde-ficar-braganca\" target=\"_blank\" rel=\"noreferrer noopener sponsored nofollow\">Casal de Pal\u00e1cios<\/a> \u00e9 um casar\u00e3o belissimamente recuperado e muito  confort\u00e1vel para uns dias de descanso.<\/p>\n\n\n\n<p>Tem uns quartos maravilhosos: grandes, com imensa luz natural e insonorizados. <\/p>\n\n\n\n<p>Para al\u00e9m disso, o <meta charset=\"utf-8\"><a href=\"https:\/\/www.booking.com\/hotel\/pt\/casal-de-palacios.en.html?aid=1186505&amp;no_rooms=1&amp;group_adults=2&amp;label=onde-ficar-braganca\" target=\"_blank\" rel=\"noreferrer noopener sponsored nofollow\">Casal de Pal\u00e1cios<\/a> tem uma sala de jogos, um bar, v\u00e1rias salas de estar e um p\u00e1tio de jogos sendo, por isso, excelente para grupos pequenos.&nbsp;<\/p>\n\n\n\n<p>Mas o topo da cereja \u00e9 mesmo o pequeno almo\u00e7o, com p\u00e3o fresco, fruta, compotas caseiras e azeite. \u00c9 a melhor forma de come\u00e7ar o dia!<\/p>\n\n\n\n<h3 class=\"wp-block-heading\" id=\"hotel-rural-o-abel\"><a href=\"https:\/\/www.booking.com\/hotel\/pt\/o-abel-rural.en.html?aid=1186505&amp;no_rooms=1&amp;group_adults=2&amp;label=onde-ficar-braganca\" target=\"_blank\" rel=\"noreferrer noopener sponsored nofollow\">Hotel Rural O Abel<\/a><\/h3>\n\n\n\n<figure class=\"wp-block-image size-full\"><img loading=\"lazy\" decoding=\"async\" width=\"668\" height=\"501\" src=\"http:\/\/portoalities.com\/wp-content\/uploads\/2021\/12\/jardim-hotel-rural-abel-gimonde.jpeg\" alt=\"jardim hotel rural abel gimonde\" class=\"wp-image-50204\" srcset=\"https:\/\/portoalities.com\/wp-content\/uploads\/2021\/12\/jardim-hotel-rural-abel-gimonde.jpeg 668w, https:\/\/portoalities.com\/wp-content\/uploads\/2021\/12\/jardim-hotel-rural-abel-gimonde-300x225.jpeg 300w\" sizes=\"auto, (max-width: 668px) 100vw, 668px\" \/><\/figure>\n\n\n\n<figure class=\"wp-block-image size-full\"><img loading=\"lazy\" decoding=\"async\" width=\"668\" height=\"443\" src=\"http:\/\/portoalities.com\/wp-content\/uploads\/2021\/12\/quarto-duplo-hotel-abel-gimonde.jpg\" alt=\"quarto duplo hotel abel gimonde\" class=\"wp-image-50205\" srcset=\"https:\/\/portoalities.com\/wp-content\/uploads\/2021\/12\/quarto-duplo-hotel-abel-gimonde.jpg 668w, https:\/\/portoalities.com\/wp-content\/uploads\/2021\/12\/quarto-duplo-hotel-abel-gimonde-300x199.jpg 300w\" sizes=\"auto, (max-width: 668px) 100vw, 668px\" \/><\/figure>\n\n\n\n<p>Eu geralmente n\u00e3o gosto de ficar em hot\u00e9is mas abro uma honrosa excep\u00e7\u00e3o para o <a href=\"https:\/\/www.booking.com\/hotel\/pt\/o-abel-rural.en.html?aid=1186505&amp;no_rooms=1&amp;group_adults=2&amp;label=onde-ficar-braganca\" target=\"_blank\" rel=\"noreferrer noopener sponsored nofollow\">Abel<\/a>&nbsp;por um motivo: \u00e9 que este hotel rural tem um dos melhores restaurantes do Parque Natural de Montesinho. A s\u00e9rio. E olhem que eu, com a minha costela transmontana, sou muito dif\u00edcil de agradar no que toca a posta e enchidos.<\/p>\n\n\n\n<p>Agora imagine o cen\u00e1rio: est\u00e1 no seu quarto e vai de pijama comer uma posta transmontana. Digno de rei, n\u00e3o \u00e9?<\/p>\n\n\n\n<p>Para al\u00e9m disso, o <a href=\"https:\/\/www.booking.com\/hotel\/pt\/o-abel-rural.en.html?aid=1186505&amp;no_rooms=1&amp;group_adults=2&amp;label=onde-ficar-braganca\" target=\"_blank\" rel=\"noreferrer noopener sponsored nofollow\">Hotel Rural O Abel<\/a> tem uma esp\u00e9cie de jardim interno (n\u00e3o interior) que \u00e9 mesmo, mesmo giro. Veja se consegue um quarto no piso t\u00e9rreo, que n\u00e3o se vai arrepender \ud83d\ude42<\/p>\n\n\n\n<h3 class=\"wp-block-heading\" id=\"casarao-dos-reis\">Casar\u00e3o dos Reis<\/h3>\n\n\n\n<figure class=\"wp-block-image size-full\"><img loading=\"lazy\" decoding=\"async\" width=\"668\" height=\"501\" src=\"http:\/\/portoalities.com\/wp-content\/uploads\/2021\/12\/sala-estar-casarao-reis-onde-ficar-parque-natural-montesinho.jpg\" alt=\"sala estar casarao reis onde ficar parque natural montesinho\" class=\"wp-image-50189\" srcset=\"https:\/\/portoalities.com\/wp-content\/uploads\/2021\/12\/sala-estar-casarao-reis-onde-ficar-parque-natural-montesinho.jpg 668w, https:\/\/portoalities.com\/wp-content\/uploads\/2021\/12\/sala-estar-casarao-reis-onde-ficar-parque-natural-montesinho-300x225.jpg 300w\" sizes=\"auto, (max-width: 668px) 100vw, 668px\" \/><\/figure>\n\n\n\n<figure class=\"wp-block-image size-full\"><img loading=\"lazy\" decoding=\"async\" width=\"668\" height=\"501\" src=\"http:\/\/portoalities.com\/wp-content\/uploads\/2021\/12\/cozinha-lareira.jpg\" alt=\"cozinha lareira\" class=\"wp-image-50187\" srcset=\"https:\/\/portoalities.com\/wp-content\/uploads\/2021\/12\/cozinha-lareira.jpg 668w, https:\/\/portoalities.com\/wp-content\/uploads\/2021\/12\/cozinha-lareira-300x225.jpg 300w\" sizes=\"auto, (max-width: 668px) 100vw, 668px\" \/><\/figure>\n\n\n\n<figure class=\"wp-block-image size-full\"><img loading=\"lazy\" decoding=\"async\" width=\"668\" height=\"493\" src=\"http:\/\/portoalities.com\/wp-content\/uploads\/2021\/12\/quarto-triplo-casarao-reis.jpg\" alt=\"quarto triplo casarao reis\" class=\"wp-image-50188\" srcset=\"https:\/\/portoalities.com\/wp-content\/uploads\/2021\/12\/quarto-triplo-casarao-reis.jpg 668w, https:\/\/portoalities.com\/wp-content\/uploads\/2021\/12\/quarto-triplo-casarao-reis-300x221.jpg 300w\" sizes=\"auto, (max-width: 668px) 100vw, 668px\" \/><\/figure>\n\n\n\n<p>A minha primeira estadia em Montesinho foi precisamente no <a href=\"https:\/\/www.booking.com\/hotel\/pt\/casaraodosreis.pt.html?aid=1186505&amp;no_rooms=1&amp;group_adults=2&amp;label=onde-ficar-montesinho\" target=\"_blank\" rel=\"noreferrer noopener sponsored nofollow\">Casar\u00e3o dos Reis<\/a>, na aldeia de Caravela. Fui belissimamente bem recebida pela D\u00aa Sara, que, al\u00e9m de me providenciar lenha todos os dias da minha estadia, me deu tamb\u00e9m montes de legumes \ud83d\ude42<\/p>\n\n\n\n<p>O <a href=\"https:\/\/www.booking.com\/hotel\/pt\/casaraodosreis.pt.html?aid=1186505&amp;no_rooms=1&amp;group_adults=2&amp;label=onde-ficar-montesinho\" target=\"_blank\" rel=\"noreferrer noopener sponsored nofollow\">Casar\u00e3o dos Reis<\/a> \u00e9 uma \u00f3ptima op\u00e7\u00e3o para ficar no Parque Natural de Montesinho, porque tem uma cozinha enorme, uma sala de estar gigantesca e SEIS quartos triplos confort\u00e1veis e espa\u00e7osos, todos com WC privado, o que o torna o alojamento ideal para grupos de amigos.<\/p>\n\n\n\n<p>Para al\u00e9m disso (e quem me conhece sabe que isto para mim vale ouro&#8230;), o <meta charset=\"utf-8\"><a href=\"https:\/\/www.booking.com\/hotel\/pt\/casaraodosreis.pt.html?aid=1186505&amp;no_rooms=1&amp;group_adults=2&amp;label=onde-ficar-montesinho\" target=\"_blank\" rel=\"noreferrer noopener sponsored nofollow\">Casar\u00e3o dos Reis<\/a> tem duas gatas lind\u00edssimas e muito mimosas, que foram a companhia ideal nos dias de inverno \ud83d\ude42<\/p>\n\n\n\n<h3 class=\"wp-block-heading\" id=\"casa-da-barriada\"><a href=\"https:\/\/www.booking.com\/hotel\/pt\/casa-da-bairrada.en.html?aid=1186505&amp;no_rooms=1&amp;group_adults=2&amp;label=onde-ficar-braganca\" target=\"_blank\" rel=\"noreferrer noopener sponsored nofollow\">Casa da Barriada<\/a><\/h3>\n\n\n\n<figure class=\"wp-block-image size-full\"><img loading=\"lazy\" decoding=\"async\" width=\"668\" height=\"446\" src=\"http:\/\/portoalities.com\/wp-content\/uploads\/2021\/12\/quarto-duplo-casa-barriada.jpeg\" alt=\"quarto duplo casa barriada\" class=\"wp-image-50219\" srcset=\"https:\/\/portoalities.com\/wp-content\/uploads\/2021\/12\/quarto-duplo-casa-barriada.jpeg 668w, https:\/\/portoalities.com\/wp-content\/uploads\/2021\/12\/quarto-duplo-casa-barriada-300x200.jpeg 300w\" sizes=\"auto, (max-width: 668px) 100vw, 668px\" \/><\/figure>\n\n\n\n<figure class=\"wp-block-image size-full\"><img loading=\"lazy\" decoding=\"async\" width=\"668\" height=\"454\" src=\"http:\/\/portoalities.com\/wp-content\/uploads\/2021\/12\/cozinha-rustica-casa-barriada-onde-ficar-parque-natural-montesinho.jpeg\" alt=\"cozinha rustica casa barriada onde ficar parque natural montesinho\" class=\"wp-image-50218\" srcset=\"https:\/\/portoalities.com\/wp-content\/uploads\/2021\/12\/cozinha-rustica-casa-barriada-onde-ficar-parque-natural-montesinho.jpeg 668w, https:\/\/portoalities.com\/wp-content\/uploads\/2021\/12\/cozinha-rustica-casa-barriada-onde-ficar-parque-natural-montesinho-300x204.jpeg 300w\" sizes=\"auto, (max-width: 668px) 100vw, 668px\" \/><\/figure>\n\n\n\n<p>A pequen\u00edssima aldeia de Gondesende, entre Bragan\u00e7a e Vinhais, esconde mais uma op\u00e7\u00e3o para ficar no Parque Natural de Montesinho: por tr\u00e1s de uma fachada de pedra esconde-se uma casinha r\u00fastica, com dois quartos apenas, ideal para dois casais.&nbsp;<\/p>\n\n\n\n<p>A cozinha da <a href=\"https:\/\/www.booking.com\/hotel\/pt\/casa-da-bairrada.en.html?aid=1186505&amp;no_rooms=1&amp;group_adults=2&amp;label=onde-ficar-braganca\" target=\"_blank\" rel=\"noreferrer noopener sponsored nofollow\">Casa da Barriada<\/a> est\u00e1 bem equipada e eu achei a sala muito simp\u00e1tica.<\/p>\n\n\n\n<h2 class=\"wp-block-heading\" id=\"onde-ficar-no-parque-natural-de-montesinho-vinhais\"><meta charset=\"utf-8\">Onde ficar no Parque Natural de Montesinho: Vinhais <\/h2>\n\n\n\n<h3 class=\"wp-block-heading\" id=\"parque-biologico-de-vinhais\"><a href=\"https:\/\/www.booking.com\/hotel\/pt\/parque-biologico-de-vinhais.en.html?aid=1186505&amp;no_rooms=1&amp;group_adults=2&amp;label=onde-ficar-braganca\" target=\"_blank\" rel=\"noreferrer noopener sponsored nofollow\">Parque Biol\u00f3gico de <meta charset=\"utf-8\">Vinhais<\/a><\/h3>\n\n\n\n<figure class=\"wp-block-image size-full\"><img loading=\"lazy\" decoding=\"async\" width=\"668\" height=\"470\" src=\"http:\/\/portoalities.com\/wp-content\/uploads\/2021\/12\/bungalows-parque-biologico-vinhais-onde-ficar-parque-natural-montesinho.jpeg\" alt=\"bungalows parque biologico vinhais onde ficar parque natural montesinho\" class=\"wp-image-50194\" srcset=\"https:\/\/portoalities.com\/wp-content\/uploads\/2021\/12\/bungalows-parque-biologico-vinhais-onde-ficar-parque-natural-montesinho.jpeg 668w, https:\/\/portoalities.com\/wp-content\/uploads\/2021\/12\/bungalows-parque-biologico-vinhais-onde-ficar-parque-natural-montesinho-300x211.jpeg 300w\" sizes=\"auto, (max-width: 668px) 100vw, 668px\" \/><\/figure>\n\n\n\n<figure class=\"wp-block-image size-full\"><img loading=\"lazy\" decoding=\"async\" width=\"668\" height=\"480\" src=\"http:\/\/portoalities.com\/wp-content\/uploads\/2021\/12\/quarto-duplo-parque-biologico-vinhais.jpeg\" alt=\"quarto duplo parque biologico vinhais\" class=\"wp-image-50193\" srcset=\"https:\/\/portoalities.com\/wp-content\/uploads\/2021\/12\/quarto-duplo-parque-biologico-vinhais.jpeg 668w, https:\/\/portoalities.com\/wp-content\/uploads\/2021\/12\/quarto-duplo-parque-biologico-vinhais-300x216.jpeg 300w\" sizes=\"auto, (max-width: 668px) 100vw, 668px\" \/><\/figure>\n\n\n\n<p>Se viajar com crian\u00e7as, o melhor s\u00edtio para ficar no Parque Natural de Montesinho \u00e9 sem d\u00favida o <a href=\"https:\/\/www.booking.com\/hotel\/pt\/parque-biologico-de-vinhais.en.html?aid=1186505&amp;no_rooms=1&amp;group_adults=2&amp;label=onde-ficar-braganca\" target=\"_blank\" rel=\"noreferrer noopener sponsored nofollow\">Parque Biol\u00f3gico de Vinhais<\/a>. A apenas 7 minutos de carro da vila com o mesmo nome encontrar\u00e1 um parque enorme, com \u00e1rvores lind\u00edssimas e animais aut\u00f3ctones, e com uma s\u00e9rie de bungalows de madeira constru\u00eddos \u00e0 volta de uma piscina biol\u00f3gica, num cen\u00e1rio digno da Disney. \u00c9 mesmo, mesmo bonito.<\/p>\n\n\n\n<p>Os bungalows s\u00e3o relativamente pequenos mas est\u00e3o bem equipados, e t\u00eam um alpendre onde pode tomar o pequeno almo\u00e7o enquanto desfruta da vista.<\/p>\n\n\n\n<p>O <a href=\"https:\/\/www.booking.com\/hotel\/pt\/parque-biologico-de-vinhais.en.html?aid=1186505&amp;no_rooms=1&amp;group_adults=2&amp;label=onde-ficar-braganca\" target=\"_blank\" rel=\"noreferrer noopener sponsored nofollow\">Parque Biol\u00f3gico de Vinhais<\/a> tem tamb\u00e9m um centro h\u00edpico onde pode requisitar aulas de equita\u00e7\u00e3o, passeios de charrete e a cavalo ou de burro mirand\u00eas \ud83d\ude42 <\/p>\n\n\n\n<p>Tem tamb\u00e9m um centro de BTT mas, se prefere ter os p\u00e9s na terra, pode sempre dar um passeio a p\u00e9 que tem v\u00e1rios trilhos super f\u00e1ceis \ud83d\ude42<\/p>\n\n\n\n<p>Real\u00e7o tamb\u00e9m que o <meta charset=\"utf-8\"><a href=\"https:\/\/www.booking.com\/hotel\/pt\/parque-biologico-de-vinhais.en.html?aid=1186505&amp;no_rooms=1&amp;group_adults=2&amp;label=onde-ficar-braganca\" target=\"_blank\" rel=\"noreferrer noopener sponsored nofollow\">Parque Biol\u00f3gico de Vinhais<\/a> \u00e9 das op\u00e7\u00f5es mais econ\u00f3micas <meta charset=\"utf-8\">para ficar no Parque Natural de Montesinho.<\/p>\n\n\n\n<h2 class=\"wp-block-heading\" id=\"onde-ficar-no-parque-natural-de-montesinho-vilarinho\"><meta charset=\"utf-8\">Onde ficar no Parque Natural de Montesinho: Vilarinho<\/h2>\n\n\n\n<p>Lembro-me perfeitamente de ter ficado encantada a primeira vez que visitei Vilarinho. \u00c9 que esta pequena aldeia, al\u00e9m de estar a 15 minutos a p\u00e9 da praia fluvial da Ponte do Rio Baceiro, \u00e9 tamb\u00e9m o ponto de partida de v\u00e1rias caminhadas e, imagine-se s\u00f3, a capital do mel transmontano \ud83d\ude42 <\/p>\n\n\n\n<p>\u00c9, por isso, um \u00f3ptimo s\u00edtio para ficar no Parque Natural de Montesinho. Nesta aldeia h\u00e1 dois alojamentos espectaculares: <\/p>\n\n\n\n<h3 class=\"wp-block-heading\" id=\"casa-do-condado\"><a href=\"https:\/\/www.booking.com\/hotel\/pt\/casa-do-condado.en.html?aid=1186505&amp;no_rooms=1&amp;group_adults=2\" target=\"_blank\" rel=\"noreferrer noopener sponsored nofollow\">Casa do Condado<\/a><\/h3>\n\n\n\n<figure class=\"wp-block-image size-full\"><img loading=\"lazy\" decoding=\"async\" width=\"668\" height=\"498\" src=\"http:\/\/portoalities.com\/wp-content\/uploads\/2021\/12\/quarto-duplo-casa-condado-vilarinho.jpeg\" alt=\"quarto duplo casa condado vilarinho\" class=\"wp-image-50201\" srcset=\"https:\/\/portoalities.com\/wp-content\/uploads\/2021\/12\/quarto-duplo-casa-condado-vilarinho.jpeg 668w, https:\/\/portoalities.com\/wp-content\/uploads\/2021\/12\/quarto-duplo-casa-condado-vilarinho-300x224.jpeg 300w\" sizes=\"auto, (max-width: 668px) 100vw, 668px\" \/><\/figure>\n\n\n\n<figure class=\"wp-block-image size-full\"><img loading=\"lazy\" decoding=\"async\" width=\"668\" height=\"453\" src=\"http:\/\/portoalities.com\/wp-content\/uploads\/2021\/12\/sala-estar-casa-condado-vilarinho-onde-ficar-parque-natural-montesinho.jpeg\" alt=\"sala estar casa condado vilarinho onde ficar parque natural montesinho\" class=\"wp-image-50200\" srcset=\"https:\/\/portoalities.com\/wp-content\/uploads\/2021\/12\/sala-estar-casa-condado-vilarinho-onde-ficar-parque-natural-montesinho.jpeg 668w, https:\/\/portoalities.com\/wp-content\/uploads\/2021\/12\/sala-estar-casa-condado-vilarinho-onde-ficar-parque-natural-montesinho-300x203.jpeg 300w\" sizes=\"auto, (max-width: 668px) 100vw, 668px\" \/><\/figure>\n\n\n\n<p>A <a href=\"https:\/\/www.booking.com\/hotel\/pt\/casa-do-condado.en.html?aid=1186505&amp;no_rooms=1&amp;group_adults=2\" target=\"_blank\" rel=\"noreferrer noopener sponsored nofollow\">Casa do Condado<\/a> \u00e9 T\u00c3O GIRA.&nbsp;Por detr\u00e1s de uma fachada tradicional esconde-se um apartamento moderno, decorado em tons claros, com imenso bom gosto. <\/p>\n\n\n\n<p>Tem tr\u00eas quartos com cama de casal sendo, por isso, perfeita para grupos de amigos ou fam\u00edlias numerosas.<\/p>\n\n\n\n<p>Se for no inverno n\u00e3o se preocupe, \u00e9 a desculpa perfeita para acender a lareira da sala \ud83d\ude42<\/p>\n\n\n\n<h3 class=\"wp-block-heading\" id=\"casa-do-serra\"><a href=\"https:\/\/www.booking.com\/hotel\/pt\/casa-do-serra.en.html?aid=1186505&amp;no_rooms=1&amp;group_adults=2\" target=\"_blank\" rel=\"noreferrer noopener sponsored nofollow\">Casa do Serra<\/a><\/h3>\n\n\n\n<figure class=\"wp-block-image size-full\"><img loading=\"lazy\" decoding=\"async\" width=\"668\" height=\"473\" src=\"http:\/\/portoalities.com\/wp-content\/uploads\/2021\/12\/alpendre-casa-turismo-rural-vilarinho.jpeg\" alt=\"alpendre casa turismo rural vilarinho\" class=\"wp-image-50196\" srcset=\"https:\/\/portoalities.com\/wp-content\/uploads\/2021\/12\/alpendre-casa-turismo-rural-vilarinho.jpeg 668w, https:\/\/portoalities.com\/wp-content\/uploads\/2021\/12\/alpendre-casa-turismo-rural-vilarinho-300x212.jpeg 300w\" sizes=\"auto, (max-width: 668px) 100vw, 668px\" \/><\/figure>\n\n\n\n<figure class=\"wp-block-image size-full\"><img loading=\"lazy\" decoding=\"async\" width=\"668\" height=\"425\" src=\"http:\/\/portoalities.com\/wp-content\/uploads\/2021\/12\/area-churrasco-turismo-rural-parque-natural-montesinho.jpeg\" alt=\"area churrasco turismo rural parque natural montesinho\" class=\"wp-image-50198\" srcset=\"https:\/\/portoalities.com\/wp-content\/uploads\/2021\/12\/area-churrasco-turismo-rural-parque-natural-montesinho.jpeg 668w, https:\/\/portoalities.com\/wp-content\/uploads\/2021\/12\/area-churrasco-turismo-rural-parque-natural-montesinho-300x191.jpeg 300w\" sizes=\"auto, (max-width: 668px) 100vw, 668px\" \/><\/figure>\n\n\n\n<figure class=\"wp-block-image size-full\"><img loading=\"lazy\" decoding=\"async\" width=\"668\" height=\"444\" src=\"http:\/\/portoalities.com\/wp-content\/uploads\/2021\/12\/sala-estar-turismo-rural-vilarinho.jpeg\" alt=\"sala estar turismo rural vilarinho\" class=\"wp-image-50197\" srcset=\"https:\/\/portoalities.com\/wp-content\/uploads\/2021\/12\/sala-estar-turismo-rural-vilarinho.jpeg 668w, https:\/\/portoalities.com\/wp-content\/uploads\/2021\/12\/sala-estar-turismo-rural-vilarinho-300x199.jpeg 300w\" sizes=\"auto, (max-width: 668px) 100vw, 668px\" \/><\/figure>\n\n\n\n<p>A outra op\u00e7\u00e3o para ficar alojado em Vilarinho \u00e9 a <a href=\"https:\/\/www.booking.com\/hotel\/pt\/casa-do-serra.en.html?aid=1186505&amp;no_rooms=1&amp;group_adults=2\" target=\"_blank\" rel=\"noreferrer noopener sponsored nofollow\">Casa do Serra<\/a>. Decorada de uma forma mais tradicional, tem uma sala muito acolhedora, uma cozinha grande e um terra\u00e7o maravilhoso, com tudo o que precisa para fazer uma churrascada com os amigos.<\/p>\n\n\n\n<p>Disp\u00f5e de tr\u00eas quartos e de um sof\u00e1 cama, por isso \u00e9 uma boa op\u00e7\u00e3o para grupos.<\/p>\n\n\n\n<p>Se ficar na <a href=\"https:\/\/www.booking.com\/hotel\/pt\/casa-do-serra.en.html?aid=1186505&amp;no_rooms=1&amp;group_adults=2\" target=\"_blank\" rel=\"noreferrer noopener sponsored nofollow\">Casa do Serra<\/a> n\u00e3o se esque\u00e7a de visitar a loja da Apimonde, que \u00e9 do mesmo dono. L\u00e1 poder\u00e1 comprar mel mesmo, mesmo espetacular.<\/p>\n\n\n\n<p><\/p>\n","protected":false},"excerpt":{"rendered":"<p>Este inverno, ao inv\u00e9s de rumar a destinos t\u00e3o ex\u00f3ticos quanto distantes, fui para o Parque Natural de Montesinho, que\u2026<\/p>\n","protected":false},"author":3,"featured_media":51007,"comment_status":"open","ping_status":"open","sticky":false,"template":"","format":"standard","meta":{"footnotes":""},"categories":[490],"tags":[5157],"class_list":["post-50164","post","type-post","status-publish","format-standard","has-post-thumbnail","hentry","category-around_porto","tag-montesinho"],"yoast_head":"<!-- This site is optimized with the Yoast SEO plugin v27.2 - https:\/\/yoast.com\/product\/yoast-seo-wordpress\/ -->\n<title>Onde ficar no Parque Natural de Montesinho: o melhor turismo rural<\/title>\n<meta name=\"description\" content=\"Descubra as casas mais charmosas para ficar no Parque Natural de Montesinho, um dos parques naturais mais bonitos em Portugal.\" \/>\n<meta name=\"robots\" content=\"index, follow, max-snippet:-1, max-image-preview:large, max-video-preview:-1\" \/>\n<link rel=\"canonical\" href=\"https:\/\/portoalities.com\/pt\/onde-ficar-parque-natural-montesinho-e-braganca\/\" \/>\n<meta property=\"og:locale\" content=\"pt_PT\" \/>\n<meta property=\"og:type\" content=\"article\" \/>\n<meta property=\"og:title\" content=\"Onde ficar no Parque Natural de Montesinho: o melhor turismo rural\" \/>\n<meta property=\"og:description\" content=\"Descubra as casas mais charmosas para ficar no Parque Natural de Montesinho, um dos parques naturais mais bonitos em Portugal.\" \/>\n<meta property=\"og:url\" content=\"https:\/\/portoalities.com\/pt\/onde-ficar-parque-natural-montesinho-e-braganca\/\" \/>\n<meta property=\"og:site_name\" content=\"Portoalities: Travel blog and Private tours in Porto and Douro Valley\" \/>\n<meta property=\"article:published_time\" content=\"2022-02-05T14:45:05+00:00\" \/>\n<meta property=\"article:modified_time\" content=\"2025-09-16T10:57:15+00:00\" \/>\n<meta property=\"og:image\" content=\"https:\/\/portoalities.com\/wp-content\/uploads\/2022\/02\/onde-ficar-parque-natural-montesinho-portugal.jpg\" \/>\n\t<meta property=\"og:image:width\" content=\"1440\" \/>\n\t<meta property=\"og:image:height\" content=\"700\" \/>\n\t<meta property=\"og:image:type\" content=\"image\/jpeg\" \/>\n<meta name=\"author\" content=\"Sara Riobom\" \/>\n<meta name=\"twitter:card\" content=\"summary_large_image\" \/>\n<meta name=\"twitter:label1\" content=\"Escrito por\" \/>\n\t<meta name=\"twitter:data1\" content=\"Sara Riobom\" \/>\n\t<meta name=\"twitter:label2\" content=\"Tempo estimado de leitura\" \/>\n\t<meta name=\"twitter:data2\" content=\"12 minutos\" \/>\n<script type=\"application\/ld+json\" class=\"yoast-schema-graph\">{\"@context\":\"https:\/\/schema.org\",\"@graph\":[{\"@type\":\"Article\",\"@id\":\"https:\/\/portoalities.com\/pt\/onde-ficar-parque-natural-montesinho-e-braganca\/#article\",\"isPartOf\":{\"@id\":\"https:\/\/portoalities.com\/pt\/onde-ficar-parque-natural-montesinho-e-braganca\/\"},\"author\":{\"name\":\"Sara Riobom\",\"@id\":\"https:\/\/portoalities.com\/en\/#\/schema\/person\/86e9ed8d9d1bb211cc9bf16ab54c5c0d\"},\"headline\":\"Onde ficar no Parque Natural de Montesinho\",\"datePublished\":\"2022-02-05T14:45:05+00:00\",\"dateModified\":\"2025-09-16T10:57:15+00:00\",\"mainEntityOfPage\":{\"@id\":\"https:\/\/portoalities.com\/pt\/onde-ficar-parque-natural-montesinho-e-braganca\/\"},\"wordCount\":1707,\"commentCount\":0,\"image\":{\"@id\":\"https:\/\/portoalities.com\/pt\/onde-ficar-parque-natural-montesinho-e-braganca\/#primaryimage\"},\"thumbnailUrl\":\"https:\/\/portoalities.com\/wp-content\/uploads\/2022\/02\/onde-ficar-parque-natural-montesinho-portugal.jpg\",\"keywords\":[\"montesinho\"],\"articleSection\":[\"Around Porto\"],\"inLanguage\":\"pt-PT\",\"potentialAction\":[{\"@type\":\"CommentAction\",\"name\":\"Comment\",\"target\":[\"https:\/\/portoalities.com\/pt\/onde-ficar-parque-natural-montesinho-e-braganca\/#respond\"]}]},{\"@type\":\"WebPage\",\"@id\":\"https:\/\/portoalities.com\/pt\/onde-ficar-parque-natural-montesinho-e-braganca\/\",\"url\":\"https:\/\/portoalities.com\/pt\/onde-ficar-parque-natural-montesinho-e-braganca\/\",\"name\":\"Onde ficar no Parque Natural de Montesinho: o melhor turismo rural\",\"isPartOf\":{\"@id\":\"https:\/\/portoalities.com\/en\/#website\"},\"primaryImageOfPage\":{\"@id\":\"https:\/\/portoalities.com\/pt\/onde-ficar-parque-natural-montesinho-e-braganca\/#primaryimage\"},\"image\":{\"@id\":\"https:\/\/portoalities.com\/pt\/onde-ficar-parque-natural-montesinho-e-braganca\/#primaryimage\"},\"thumbnailUrl\":\"https:\/\/portoalities.com\/wp-content\/uploads\/2022\/02\/onde-ficar-parque-natural-montesinho-portugal.jpg\",\"datePublished\":\"2022-02-05T14:45:05+00:00\",\"dateModified\":\"2025-09-16T10:57:15+00:00\",\"author\":{\"@id\":\"https:\/\/portoalities.com\/en\/#\/schema\/person\/86e9ed8d9d1bb211cc9bf16ab54c5c0d\"},\"description\":\"Descubra as casas mais charmosas para ficar no Parque Natural de Montesinho, um dos parques naturais mais bonitos em Portugal.\",\"breadcrumb\":{\"@id\":\"https:\/\/portoalities.com\/pt\/onde-ficar-parque-natural-montesinho-e-braganca\/#breadcrumb\"},\"inLanguage\":\"pt-PT\",\"potentialAction\":[{\"@type\":\"ReadAction\",\"target\":[\"https:\/\/portoalities.com\/pt\/onde-ficar-parque-natural-montesinho-e-braganca\/\"]}]},{\"@type\":\"ImageObject\",\"inLanguage\":\"pt-PT\",\"@id\":\"https:\/\/portoalities.com\/pt\/onde-ficar-parque-natural-montesinho-e-braganca\/#primaryimage\",\"url\":\"https:\/\/portoalities.com\/wp-content\/uploads\/2022\/02\/onde-ficar-parque-natural-montesinho-portugal.jpg\",\"contentUrl\":\"https:\/\/portoalities.com\/wp-content\/uploads\/2022\/02\/onde-ficar-parque-natural-montesinho-portugal.jpg\",\"width\":1440,\"height\":700,\"caption\":\"onde ficar parque natural montesinho portugal\"},{\"@type\":\"BreadcrumbList\",\"@id\":\"https:\/\/portoalities.com\/pt\/onde-ficar-parque-natural-montesinho-e-braganca\/#breadcrumb\",\"itemListElement\":[{\"@type\":\"ListItem\",\"position\":1,\"name\":\"Home\",\"item\":\"https:\/\/portoalities.com\/pt\/\"},{\"@type\":\"ListItem\",\"position\":2,\"name\":\"Onde ficar no Parque Natural de Montesinho\"}]},{\"@type\":\"WebSite\",\"@id\":\"https:\/\/portoalities.com\/en\/#website\",\"url\":\"https:\/\/portoalities.com\/en\/\",\"name\":\"Portoalities: Travel blog and Private tours in Porto and Douro Valley\",\"description\":\"\",\"potentialAction\":[{\"@type\":\"SearchAction\",\"target\":{\"@type\":\"EntryPoint\",\"urlTemplate\":\"https:\/\/portoalities.com\/en\/?s={search_term_string}\"},\"query-input\":{\"@type\":\"PropertyValueSpecification\",\"valueRequired\":true,\"valueName\":\"search_term_string\"}}],\"inLanguage\":\"pt-PT\"},{\"@type\":\"Person\",\"@id\":\"https:\/\/portoalities.com\/en\/#\/schema\/person\/86e9ed8d9d1bb211cc9bf16ab54c5c0d\",\"name\":\"Sara Riobom\",\"image\":{\"@type\":\"ImageObject\",\"inLanguage\":\"pt-PT\",\"@id\":\"https:\/\/secure.gravatar.com\/avatar\/21142310e9611a432e3b525f3a98f5c0539be889e67ec3fb511c335b41fb3c6a?s=96&d=mm&r=g\",\"url\":\"https:\/\/secure.gravatar.com\/avatar\/21142310e9611a432e3b525f3a98f5c0539be889e67ec3fb511c335b41fb3c6a?s=96&d=mm&r=g\",\"contentUrl\":\"https:\/\/secure.gravatar.com\/avatar\/21142310e9611a432e3b525f3a98f5c0539be889e67ec3fb511c335b41fb3c6a?s=96&d=mm&r=g\",\"caption\":\"Sara Riobom\"},\"url\":\"https:\/\/portoalities.com\/pt\/author\/admin\/\"}]}<\/script>\n<!-- \/ Yoast SEO plugin. -->","yoast_head_json":{"title":"Onde ficar no Parque Natural de Montesinho: o melhor turismo rural","description":"Descubra as casas mais charmosas para ficar no Parque Natural de Montesinho, um dos parques naturais mais bonitos em Portugal.","robots":{"index":"index","follow":"follow","max-snippet":"max-snippet:-1","max-image-preview":"max-image-preview:large","max-video-preview":"max-video-preview:-1"},"canonical":"https:\/\/portoalities.com\/pt\/onde-ficar-parque-natural-montesinho-e-braganca\/","og_locale":"pt_PT","og_type":"article","og_title":"Onde ficar no Parque Natural de Montesinho: o melhor turismo rural","og_description":"Descubra as casas mais charmosas para ficar no Parque Natural de Montesinho, um dos parques naturais mais bonitos em Portugal.","og_url":"https:\/\/portoalities.com\/pt\/onde-ficar-parque-natural-montesinho-e-braganca\/","og_site_name":"Portoalities: Travel blog and Private tours in Porto and Douro Valley","article_published_time":"2022-02-05T14:45:05+00:00","article_modified_time":"2025-09-16T10:57:15+00:00","og_image":[{"width":1440,"height":700,"url":"https:\/\/portoalities.com\/wp-content\/uploads\/2022\/02\/onde-ficar-parque-natural-montesinho-portugal.jpg","type":"image\/jpeg"}],"author":"Sara Riobom","twitter_card":"summary_large_image","twitter_misc":{"Escrito por":"Sara Riobom","Tempo estimado de leitura":"12 minutos"},"schema":{"@context":"https:\/\/schema.org","@graph":[{"@type":"Article","@id":"https:\/\/portoalities.com\/pt\/onde-ficar-parque-natural-montesinho-e-braganca\/#article","isPartOf":{"@id":"https:\/\/portoalities.com\/pt\/onde-ficar-parque-natural-montesinho-e-braganca\/"},"author":{"name":"Sara Riobom","@id":"https:\/\/portoalities.com\/en\/#\/schema\/person\/86e9ed8d9d1bb211cc9bf16ab54c5c0d"},"headline":"Onde ficar no Parque Natural de Montesinho","datePublished":"2022-02-05T14:45:05+00:00","dateModified":"2025-09-16T10:57:15+00:00","mainEntityOfPage":{"@id":"https:\/\/portoalities.com\/pt\/onde-ficar-parque-natural-montesinho-e-braganca\/"},"wordCount":1707,"commentCount":0,"image":{"@id":"https:\/\/portoalities.com\/pt\/onde-ficar-parque-natural-montesinho-e-braganca\/#primaryimage"},"thumbnailUrl":"https:\/\/portoalities.com\/wp-content\/uploads\/2022\/02\/onde-ficar-parque-natural-montesinho-portugal.jpg","keywords":["montesinho"],"articleSection":["Around Porto"],"inLanguage":"pt-PT","potentialAction":[{"@type":"CommentAction","name":"Comment","target":["https:\/\/portoalities.com\/pt\/onde-ficar-parque-natural-montesinho-e-braganca\/#respond"]}]},{"@type":"WebPage","@id":"https:\/\/portoalities.com\/pt\/onde-ficar-parque-natural-montesinho-e-braganca\/","url":"https:\/\/portoalities.com\/pt\/onde-ficar-parque-natural-montesinho-e-braganca\/","name":"Onde ficar no Parque Natural de Montesinho: o melhor turismo rural","isPartOf":{"@id":"https:\/\/portoalities.com\/en\/#website"},"primaryImageOfPage":{"@id":"https:\/\/portoalities.com\/pt\/onde-ficar-parque-natural-montesinho-e-braganca\/#primaryimage"},"image":{"@id":"https:\/\/portoalities.com\/pt\/onde-ficar-parque-natural-montesinho-e-braganca\/#primaryimage"},"thumbnailUrl":"https:\/\/portoalities.com\/wp-content\/uploads\/2022\/02\/onde-ficar-parque-natural-montesinho-portugal.jpg","datePublished":"2022-02-05T14:45:05+00:00","dateModified":"2025-09-16T10:57:15+00:00","author":{"@id":"https:\/\/portoalities.com\/en\/#\/schema\/person\/86e9ed8d9d1bb211cc9bf16ab54c5c0d"},"description":"Descubra as casas mais charmosas para ficar no Parque Natural de Montesinho, um dos parques naturais mais bonitos em Portugal.","breadcrumb":{"@id":"https:\/\/portoalities.com\/pt\/onde-ficar-parque-natural-montesinho-e-braganca\/#breadcrumb"},"inLanguage":"pt-PT","potentialAction":[{"@type":"ReadAction","target":["https:\/\/portoalities.com\/pt\/onde-ficar-parque-natural-montesinho-e-braganca\/"]}]},{"@type":"ImageObject","inLanguage":"pt-PT","@id":"https:\/\/portoalities.com\/pt\/onde-ficar-parque-natural-montesinho-e-braganca\/#primaryimage","url":"https:\/\/portoalities.com\/wp-content\/uploads\/2022\/02\/onde-ficar-parque-natural-montesinho-portugal.jpg","contentUrl":"https:\/\/portoalities.com\/wp-content\/uploads\/2022\/02\/onde-ficar-parque-natural-montesinho-portugal.jpg","width":1440,"height":700,"caption":"onde ficar parque natural montesinho portugal"},{"@type":"BreadcrumbList","@id":"https:\/\/portoalities.com\/pt\/onde-ficar-parque-natural-montesinho-e-braganca\/#breadcrumb","itemListElement":[{"@type":"ListItem","position":1,"name":"Home","item":"https:\/\/portoalities.com\/pt\/"},{"@type":"ListItem","position":2,"name":"Onde ficar no Parque Natural de Montesinho"}]},{"@type":"WebSite","@id":"https:\/\/portoalities.com\/en\/#website","url":"https:\/\/portoalities.com\/en\/","name":"Portoalities: Travel blog and Private tours in Porto and Douro Valley","description":"","potentialAction":[{"@type":"SearchAction","target":{"@type":"EntryPoint","urlTemplate":"https:\/\/portoalities.com\/en\/?s={search_term_string}"},"query-input":{"@type":"PropertyValueSpecification","valueRequired":true,"valueName":"search_term_string"}}],"inLanguage":"pt-PT"},{"@type":"Person","@id":"https:\/\/portoalities.com\/en\/#\/schema\/person\/86e9ed8d9d1bb211cc9bf16ab54c5c0d","name":"Sara Riobom","image":{"@type":"ImageObject","inLanguage":"pt-PT","@id":"https:\/\/secure.gravatar.com\/avatar\/21142310e9611a432e3b525f3a98f5c0539be889e67ec3fb511c335b41fb3c6a?s=96&d=mm&r=g","url":"https:\/\/secure.gravatar.com\/avatar\/21142310e9611a432e3b525f3a98f5c0539be889e67ec3fb511c335b41fb3c6a?s=96&d=mm&r=g","contentUrl":"https:\/\/secure.gravatar.com\/avatar\/21142310e9611a432e3b525f3a98f5c0539be889e67ec3fb511c335b41fb3c6a?s=96&d=mm&r=g","caption":"Sara Riobom"},"url":"https:\/\/portoalities.com\/pt\/author\/admin\/"}]}},"_links":{"self":[{"href":"https:\/\/portoalities.com\/pt\/wp-json\/wp\/v2\/posts\/50164","targetHints":{"allow":["GET"]}}],"collection":[{"href":"https:\/\/portoalities.com\/pt\/wp-json\/wp\/v2\/posts"}],"about":[{"href":"https:\/\/portoalities.com\/pt\/wp-json\/wp\/v2\/types\/post"}],"author":[{"embeddable":true,"href":"https:\/\/portoalities.com\/pt\/wp-json\/wp\/v2\/users\/3"}],"replies":[{"embeddable":true,"href":"https:\/\/portoalities.com\/pt\/wp-json\/wp\/v2\/comments?post=50164"}],"version-history":[{"count":0,"href":"https:\/\/portoalities.com\/pt\/wp-json\/wp\/v2\/posts\/50164\/revisions"}],"wp:featuredmedia":[{"embeddable":true,"href":"https:\/\/portoalities.com\/pt\/wp-json\/wp\/v2\/media\/51007"}],"wp:attachment":[{"href":"https:\/\/portoalities.com\/pt\/wp-json\/wp\/v2\/media?parent=50164"}],"wp:term":[{"taxonomy":"category","embeddable":true,"href":"https:\/\/portoalities.com\/pt\/wp-json\/wp\/v2\/categories?post=50164"},{"taxonomy":"post_tag","embeddable":true,"href":"https:\/\/portoalities.com\/pt\/wp-json\/wp\/v2\/tags?post=50164"}],"curies":[{"name":"wp","href":"https:\/\/api.w.org\/{rel}","templated":true}]}}